{"id":6997,"date":"2024-07-29T10:20:04","date_gmt":"2024-07-29T10:20:04","guid":{"rendered":"http:\/\/www.olidemallorca.es\/tot-a-punt-per-la-campanya-de-collita-2024-2\/"},"modified":"2024-07-29T10:20:04","modified_gmt":"2024-07-29T10:20:04","slug":"tot-a-punt-per-la-campanya-de-collita-2024","status":"publish","type":"post","link":"https:\/\/www.olidemallorca.es\/fr\/tot-a-punt-per-la-campanya-de-collita-2024\/","title":{"rendered":"Tot a punt per la campanya de collita 2024"},"content":{"rendered":"<p><a href=\"https:\/\/www.olidemallorca.es\/wp-content\/uploads\/2024\/07\/Collita-Oli-de-Mallorca.jpg\"><img loading=\"lazy\" decoding=\"async\" class=\"size-large wp-image-6994 aligncenter\" src=\"https:\/\/www.olidemallorca.es\/wp-content\/uploads\/2024\/07\/Collita-Oli-de-Mallorca-1024x683.jpg\" alt=\"collita-oli-de-mallorca\" width=\"604\" height=\"403\" srcset=\"https:\/\/www.olidemallorca.es\/wp-content\/uploads\/2024\/07\/Collita-Oli-de-Mallorca-1024x683.jpg 1024w, https:\/\/www.olidemallorca.es\/wp-content\/uploads\/2024\/07\/Collita-Oli-de-Mallorca-300x200.jpg 300w, https:\/\/www.olidemallorca.es\/wp-content\/uploads\/2024\/07\/Collita-Oli-de-Mallorca-768x512.jpg 768w, https:\/\/www.olidemallorca.es\/wp-content\/uploads\/2024\/07\/Collita-Oli-de-Mallorca-272x182.jpg 272w, https:\/\/www.olidemallorca.es\/wp-content\/uploads\/2024\/07\/Collita-Oli-de-Mallorca.jpg 1334w\" sizes=\"(max-width: 604px) 100vw, 604px\" \/><\/a><\/p>\n<p>La primera setmana de setembre es procedir\u00e0 a passar l\u2019ordre de cobrament bancari* de la quota anual** i l\u2019activaci\u00f3 de la targeta per a la campanya 2024-2025.<\/p>\n<p>Per intentar agilitzar el procediment i evitar incid\u00e8ncies, vos recordam que:<\/p>\n<ul style=\"list-style-type: circle;\">\n<li><strong>Comprovar les dades banc\u00e0ries.<\/strong> En cas de que les vostres dades banc\u00e0ries NO siguin les mateixes de l\u2019any passat, preguem ens ho comuniqueu a la major brevetat possible, i evitar aix\u00ed els c\u00e0rrecs extraordinaris que apliquen els bancs pel retorn de rebuts (i que haur\u00e0 de satisfer el titular de la inscripci\u00f3)<\/li>\n<li><strong>Canvi de titularitat.<\/strong> Recordam que en cas de canvi de titularitat de finques (p.e per dec\u00e9s, venda o cessi\u00f3 d\u2019explotaci\u00f3) s\u2019ha de tramitar la sol\u00b7licitud de canvi de dades o, en el cas de no voler continuar formant part de la DO Oli de Mallorca, la baixa (p.e. venda de la propietat)<\/li>\n<li><strong>Notificaci\u00f3 de canvis a les plantacions.<\/strong> Recordam la obligatorietat de notificaci\u00f3 de canvis efectuats a les plantacions que puguin afectar a la producci\u00f3 d\u2019oliva, com, per exemple, la plantaci\u00f3 de noves oliveres, modificaci\u00f3 de varietats, etc\u00e8tera.<\/li>\n<li>Pensau que <strong>superareu el m\u00e0xim d\u2019oliva<\/strong> permesa que marca la vostra cartilla?. Heu de recordar que per augmentar el l\u00edmit a la targeta abans s\u2019ha de sol\u00b7licitar l\u2019ampliaci\u00f3 al consell regulador qui, si procedeix, programar\u00e0 la visita de la t\u00e8cnica a l\u2019olivar.<\/li>\n<li><strong>Presentaci\u00f3 obligat\u00f2ria de la targeta a la tafona<\/strong>. Per a l\u2019entrada d\u2019oliva a les tafones de la Denominaci\u00f3 d\u2019Origen Oli de Mallorca \u00e9s obligat\u00f2ria la presentaci\u00f3 de la targeta d\u2019inscrit activa.<\/li>\n<\/ul>\n<p><em>* Sistema de pagament \u00fanic. En el cas de no haver facilitat el full amb les vostres dades banc\u00e0ries la passada campanya, preguem contacteu amb la nostra oficina per correu electr\u00f2nic a <a href=\"mailto:administracio@olidemallorca.es\">administracio@olidemallorca.es<\/a>; per tel\u00e8fon al 871 030 769 o b\u00e9 adre\u00e7au-vos a la vostra tafona (Cooperativa de S\u00f3ller, Son Mesquidassa, S\u2019Oliera de Son Catiu) per fer les gestions necess\u00e0ries per a la domiciliaci\u00f3 banc\u00e0ria<\/em><\/p>\n<p><em>** El ple del CRDO Oli de Mallorca va acordar el manteniment de les tarifes vigents des de l\u2019any 2012<\/em><\/p>\n<ul style=\"list-style-type: square;\">\n<li><strong>Plantacions de m\u00e9s de 75 anys&#8230;&#8230;&#8230;<\/strong> 8\u20ac\/ha<\/li>\n<li><strong>Plantacions de menys de 75 anys&#8230;.. <\/strong>25 \u20ac\/ha<\/li>\n<\/ul>\n<p><em>La quota m\u00ednima de pagament per als productors que tenen inscrits menys de 1 ha \u00e9s de 8 \u20ac i 25\u20ac\u00a0 respectivament.<\/em><\/p>\n<p>&nbsp;<\/p>\n","protected":false},"excerpt":{"rendered":"<p>La primera setmana de setembre es procedir\u00e0 a passar l\u2019ordre de cobrament bancari* de la quota anual** i l\u2019activaci\u00f3 de la targeta per a la campanya 2024-2025. Per intentar agilitzar el procediment i evitar incid\u00e8ncies, vos recordam que: Comprovar les dades banc\u00e0ries. En cas de que les vostres dades banc\u00e0ries NO siguin les mateixes de [&hellip;]<\/p>\n","protected":false},"author":3,"featured_media":6994,"comment_status":"closed","ping_status":"open","sticky":false,"template":"","format":"standard","meta":{"_acf_changed":false,"footnotes":""},"categories":[3338],"tags":[],"class_list":["post-6997","post","type-post","status-publish","format-standard","has-post-thumbnail","hentry","category-butlleti-fr"],"acf":[],"_links":{"self":[{"href":"https:\/\/www.olidemallorca.es\/fr\/wp-json\/wp\/v2\/posts\/6997"}],"collection":[{"href":"https:\/\/www.olidemallorca.es\/fr\/wp-json\/wp\/v2\/posts"}],"about":[{"href":"https:\/\/www.olidemallorca.es\/fr\/wp-json\/wp\/v2\/types\/post"}],"author":[{"embeddable":true,"href":"https:\/\/www.olidemallorca.es\/fr\/wp-json\/wp\/v2\/users\/3"}],"replies":[{"embeddable":true,"href":"https:\/\/www.olidemallorca.es\/fr\/wp-json\/wp\/v2\/comments?post=6997"}],"version-history":[{"count":0,"href":"https:\/\/www.olidemallorca.es\/fr\/wp-json\/wp\/v2\/posts\/6997\/revisions"}],"wp:featuredmedia":[{"embeddable":true,"href":"https:\/\/www.olidemallorca.es\/fr\/wp-json\/wp\/v2\/media\/6994"}],"wp:attachment":[{"href":"https:\/\/www.olidemallorca.es\/fr\/wp-json\/wp\/v2\/media?parent=6997"}],"wp:term":[{"taxonomy":"category","embeddable":true,"href":"https:\/\/www.olidemallorca.es\/fr\/wp-json\/wp\/v2\/categories?post=6997"},{"taxonomy":"post_tag","embeddable":true,"href":"https:\/\/www.olidemallorca.es\/fr\/wp-json\/wp\/v2\/tags?post=6997"}],"curies":[{"name":"wp","href":"https:\/\/api.w.org\/{rel}","templated":true}]}}