{"id":5897,"date":"2022-02-26T09:50:33","date_gmt":"2022-02-26T09:50:33","guid":{"rendered":"http:\/\/www.olidemallorca.es\/jose-cortes-i-la-xef-vegana-victoria-frontera-a-quatre-mans-amb-oli-de-mallorca-2\/"},"modified":"2022-03-02T12:48:28","modified_gmt":"2022-03-02T12:48:28","slug":"jose-cortes-i-la-xef-vegana-victoria-frontera-a-quatre-mans-amb-oli-de-mallorca","status":"publish","type":"post","link":"https:\/\/www.olidemallorca.es\/fr\/jose-cortes-i-la-xef-vegana-victoria-frontera-a-quatre-mans-amb-oli-de-mallorca\/","title":{"rendered":"Jos\u00e9 Cort\u00e9s i la xef vegana Vict\u00f2ria Frontera, a quatre mans amb Oli de Mallorca"},"content":{"rendered":"<p><a href=\"https:\/\/www.olidemallorca.es\/wp-content\/uploads\/2022\/03\/Showcooking-Dia-de-les-Illes-Balears-1.jpg\"><img loading=\"lazy\" decoding=\"async\" class=\"aligncenter size-large wp-image-5893\" src=\"https:\/\/www.olidemallorca.es\/wp-content\/uploads\/2022\/03\/Showcooking-Dia-de-les-Illes-Balears-1-1024x1006.jpg\" alt=\"showcooking-dia-de-les-illes-balears-1\" width=\"604\" height=\"593\" srcset=\"https:\/\/www.olidemallorca.es\/wp-content\/uploads\/2022\/03\/Showcooking-Dia-de-les-Illes-Balears-1-1024x1006.jpg 1024w, https:\/\/www.olidemallorca.es\/wp-content\/uploads\/2022\/03\/Showcooking-Dia-de-les-Illes-Balears-1-300x295.jpg 300w, https:\/\/www.olidemallorca.es\/wp-content\/uploads\/2022\/03\/Showcooking-Dia-de-les-Illes-Balears-1-768x755.jpg 768w\" sizes=\"(max-width: 604px) 100vw, 604px\" \/><\/a><\/p>\n<p>La Denominaci\u00f3 d\u2019Origen Oli de Mallorca ha obert el programa d\u2019activitats de la Fira del Producte de Qualitat de les Illes Balears del Parc de la Mar amb el showcooking \u2018Cuina creativa amb Oli de Mallorca\u2019.<\/p>\n<p>A la demostraci\u00f3, els cuiners d\u2019ASCAIB Jos\u00e9 Cort\u00e9s i Vict\u00f2ria Frontera han elaborat un \u2018frit de verdures amb aire d\u2019oli d\u2019oliva verge extra\u2019 i fonoll i una \u2018ensa\u00efmada fregida amb crema d\u2019alvocat amb oli d\u2019oliva verge extra i c\u00edtrics\u2019, plats que els han servit per explicar les caracter\u00edstiques de l\u2019oli d\u2019oliva, aix\u00ed com tamb\u00e9 les m\u00faltiples aplicacions del suc d\u2019oliva a la cuina convencional i a la dels que segueixen una dieta vegana.<\/p>\n<p><a href=\"https:\/\/www.olidemallorca.es\/wp-content\/uploads\/2022\/03\/Showcooking-Dia-de-les-Illes-Balears-2.jpg\"><img loading=\"lazy\" decoding=\"async\" class=\"aligncenter size-large wp-image-5894\" src=\"https:\/\/www.olidemallorca.es\/wp-content\/uploads\/2022\/03\/Showcooking-Dia-de-les-Illes-Balears-2-1024x762.jpg\" alt=\"showcooking-dia-de-les-illes-balears-2\" width=\"604\" height=\"449\" srcset=\"https:\/\/www.olidemallorca.es\/wp-content\/uploads\/2022\/03\/Showcooking-Dia-de-les-Illes-Balears-2-1024x762.jpg 1024w, https:\/\/www.olidemallorca.es\/wp-content\/uploads\/2022\/03\/Showcooking-Dia-de-les-Illes-Balears-2-300x223.jpg 300w, https:\/\/www.olidemallorca.es\/wp-content\/uploads\/2022\/03\/Showcooking-Dia-de-les-Illes-Balears-2-768x572.jpg 768w\" sizes=\"(max-width: 604px) 100vw, 604px\" \/><\/a><\/p>\n<p>Un men\u00fa de dos plats a on el resultat final ha vingut determinat per la t\u00e8cnica empleada, des d\u2019un saltejat, un marcat, una infusi\u00f3 fins a una emulsi\u00f3, i l\u2019\u00fas de l\u2019oli d\u2019oliva verge extra de qualitat, el qual aporta sabor per\u00f2 tamb\u00e9 pot intervenir com a potenciador de sabor i texturitzador, entre d\u2019altres.<\/p>\n<p>La D.O Oli de Mallorca ha participat tamb\u00e9 amb una de les paradetes de la Fira del Producte de Qualitat de les Illes Balears instal\u00b7lada al Parc de la Mar, a la que s\u2019han pogut tastar fins a una dotzena olis d\u2019oliva verge extra emparats sota el segell de qualitat.<\/p>\n<p>&nbsp;<\/p>\n","protected":false},"excerpt":{"rendered":"<p>La Denominaci\u00f3 d\u2019Origen Oli de Mallorca ha obert el programa d\u2019activitats de la Fira del Producte de Qualitat de les Illes Balears del Parc de la Mar amb el showcooking \u2018Cuina creativa amb Oli de Mallorca\u2019. A la demostraci\u00f3, els cuiners d\u2019ASCAIB Jos\u00e9 Cort\u00e9s i Vict\u00f2ria Frontera han elaborat un \u2018frit de verdures amb aire [&hellip;]<\/p>\n","protected":false},"author":3,"featured_media":5893,"comment_status":"closed","ping_status":"open","sticky":false,"template":"","format":"standard","meta":{"_acf_changed":false,"footnotes":""},"categories":[43],"tags":[1730,919,101,189,920,648,2780,1167,2921,2920],"class_list":["post-5897","post","type-post","status-publish","format-standard","has-post-thumbnail","hentry","category-nouvelles","tag-ascaib-fr","tag-cuina-fr","tag-dia-de-les-illes-balears-fr","tag-jose-cortes-fr","tag-oli-doliva-verge-extra-fr","tag-oove-fr","tag-producte-de-qualitat-fr","tag-showcooking-fr","tag-vegana-fr","tag-victoria-frontera-fr"],"acf":[],"_links":{"self":[{"href":"https:\/\/www.olidemallorca.es\/fr\/wp-json\/wp\/v2\/posts\/5897"}],"collection":[{"href":"https:\/\/www.olidemallorca.es\/fr\/wp-json\/wp\/v2\/posts"}],"about":[{"href":"https:\/\/www.olidemallorca.es\/fr\/wp-json\/wp\/v2\/types\/post"}],"author":[{"embeddable":true,"href":"https:\/\/www.olidemallorca.es\/fr\/wp-json\/wp\/v2\/users\/3"}],"replies":[{"embeddable":true,"href":"https:\/\/www.olidemallorca.es\/fr\/wp-json\/wp\/v2\/comments?post=5897"}],"version-history":[{"count":1,"href":"https:\/\/www.olidemallorca.es\/fr\/wp-json\/wp\/v2\/posts\/5897\/revisions"}],"predecessor-version":[{"id":5902,"href":"https:\/\/www.olidemallorca.es\/fr\/wp-json\/wp\/v2\/posts\/5897\/revisions\/5902"}],"wp:featuredmedia":[{"embeddable":true,"href":"https:\/\/www.olidemallorca.es\/fr\/wp-json\/wp\/v2\/media\/5893"}],"wp:attachment":[{"href":"https:\/\/www.olidemallorca.es\/fr\/wp-json\/wp\/v2\/media?parent=5897"}],"wp:term":[{"taxonomy":"category","embeddable":true,"href":"https:\/\/www.olidemallorca.es\/fr\/wp-json\/wp\/v2\/categories?post=5897"},{"taxonomy":"post_tag","embeddable":true,"href":"https:\/\/www.olidemallorca.es\/fr\/wp-json\/wp\/v2\/tags?post=5897"}],"curies":[{"name":"wp","href":"https:\/\/api.w.org\/{rel}","templated":true}]}}