{"id":2170,"date":"2014-02-20T13:52:43","date_gmt":"2014-02-20T13:52:43","guid":{"rendered":"http:\/\/www.olidemallorca.es\/es-bon-raco-2\/"},"modified":"2014-08-18T12:35:09","modified_gmt":"2014-08-18T12:35:09","slug":"es-bon-raco","status":"publish","type":"post","link":"https:\/\/www.olidemallorca.es\/fr\/es-bon-raco\/","title":{"rendered":"Es Bon Rac\u00f3"},"content":{"rendered":"<p>\u00ab\u00a0Es Bon Rac\u00f3\u00a0\u00bb\u00a0est un magasin familial, ouvert en 2004 dans le but de cr\u00e9er une s\u00e9lection rigoureuse des \u00eeles Bal\u00e9ares, domestique et importation. Nous travaillons chaque jour \u00e0 la recherche de produits traditionnels et innovants, en maintenant la qualit\u00e9 et la satisfaction du client.<\/p>\n<p><strong>Coordonn\u00e9es<\/strong><br \/>\nc\/ Ausi\u00e0s March, 22 (Palma)<br \/>\nT\u00e9l\u00e9phone: \u00a0971 49 81 72<br \/>\n<a href=\"mailto:esbonraco@telefonica.net\">esbonraco@telefonica.net<\/a><br \/>\n[portfolio_slideshow id=401]<\/p>\n","protected":false},"excerpt":{"rendered":"<p>C. Ausi\u00e0s March, 22 (Palma)<br \/>\nT\u00e9l\u00e9phone: 971 49 81 72 <\/p>\n","protected":false},"author":1,"featured_media":402,"comment_status":"closed","ping_status":"open","sticky":false,"template":"","format":"standard","meta":{"_acf_changed":false,"footnotes":""},"categories":[],"tags":[],"class_list":["post-2170","post","type-post","status-publish","format-standard","has-post-thumbnail","hentry"],"acf":[],"_links":{"self":[{"href":"https:\/\/www.olidemallorca.es\/fr\/wp-json\/wp\/v2\/posts\/2170"}],"collection":[{"href":"https:\/\/www.olidemallorca.es\/fr\/wp-json\/wp\/v2\/posts"}],"about":[{"href":"https:\/\/www.olidemallorca.es\/fr\/wp-json\/wp\/v2\/types\/post"}],"author":[{"embeddable":true,"href":"https:\/\/www.olidemallorca.es\/fr\/wp-json\/wp\/v2\/users\/1"}],"replies":[{"embeddable":true,"href":"https:\/\/www.olidemallorca.es\/fr\/wp-json\/wp\/v2\/comments?post=2170"}],"version-history":[{"count":3,"href":"https:\/\/www.olidemallorca.es\/fr\/wp-json\/wp\/v2\/posts\/2170\/revisions"}],"predecessor-version":[{"id":2465,"href":"https:\/\/www.olidemallorca.es\/fr\/wp-json\/wp\/v2\/posts\/2170\/revisions\/2465"}],"wp:featuredmedia":[{"embeddable":true,"href":"https:\/\/www.olidemallorca.es\/fr\/wp-json\/wp\/v2\/media\/402"}],"wp:attachment":[{"href":"https:\/\/www.olidemallorca.es\/fr\/wp-json\/wp\/v2\/media?parent=2170"}],"wp:term":[{"taxonomy":"category","embeddable":true,"href":"https:\/\/www.olidemallorca.es\/fr\/wp-json\/wp\/v2\/categories?post=2170"},{"taxonomy":"post_tag","embeddable":true,"href":"https:\/\/www.olidemallorca.es\/fr\/wp-json\/wp\/v2\/tags?post=2170"}],"curies":[{"name":"wp","href":"https:\/\/api.w.org\/{rel}","templated":true}]}}