{"id":2123,"date":"2014-02-20T14:01:53","date_gmt":"2014-02-20T14:01:53","guid":{"rendered":"http:\/\/www.olidemallorca.es\/la-montana-2\/"},"modified":"2014-08-18T12:26:47","modified_gmt":"2014-08-18T12:26:47","slug":"la-montana","status":"publish","type":"post","link":"https:\/\/www.olidemallorca.es\/fr\/la-montana\/","title":{"rendered":"La Monta\u00f1a"},"content":{"rendered":"<p>&lsquo;La Monta\u00f1a&rsquo;\u00a0est situ\u00e9 dans le centre de Palma et est une petite et unique magasin o\u00f9 vous trouverez toutes sortes de produits avec le label de qualit\u00e9 des \u00celes Bal\u00e9ares.<\/p>\n<p><strong>Coordonn\u00e9es<\/strong><br \/>\nC\/Jaume II, n. 23 &#8211; 07001 &#8211; Palma de Mallorca<br \/>\nT\u00e9l\u00e9phone: \u00a0971 71 25 95<br \/>\nFax: \u00a0971 64 64 51<br \/>\n[portfolio_slideshow id=420]<\/p>\n","protected":false},"excerpt":{"rendered":"<p>c\/ Jaume II, 23 &#8211; 07001 Palma de Mallorca<br \/>\nT\u00e9l\u00e9phone: 971 71 25 95 <\/p>\n","protected":false},"author":1,"featured_media":422,"comment_status":"closed","ping_status":"open","sticky":false,"template":"","format":"standard","meta":{"_acf_changed":false,"footnotes":""},"categories":[],"tags":[],"class_list":["post-2123","post","type-post","status-publish","format-standard","has-post-thumbnail","hentry"],"acf":[],"_links":{"self":[{"href":"https:\/\/www.olidemallorca.es\/fr\/wp-json\/wp\/v2\/posts\/2123"}],"collection":[{"href":"https:\/\/www.olidemallorca.es\/fr\/wp-json\/wp\/v2\/posts"}],"about":[{"href":"https:\/\/www.olidemallorca.es\/fr\/wp-json\/wp\/v2\/types\/post"}],"author":[{"embeddable":true,"href":"https:\/\/www.olidemallorca.es\/fr\/wp-json\/wp\/v2\/users\/1"}],"replies":[{"embeddable":true,"href":"https:\/\/www.olidemallorca.es\/fr\/wp-json\/wp\/v2\/comments?post=2123"}],"version-history":[{"count":3,"href":"https:\/\/www.olidemallorca.es\/fr\/wp-json\/wp\/v2\/posts\/2123\/revisions"}],"predecessor-version":[{"id":2450,"href":"https:\/\/www.olidemallorca.es\/fr\/wp-json\/wp\/v2\/posts\/2123\/revisions\/2450"}],"wp:featuredmedia":[{"embeddable":true,"href":"https:\/\/www.olidemallorca.es\/fr\/wp-json\/wp\/v2\/media\/422"}],"wp:attachment":[{"href":"https:\/\/www.olidemallorca.es\/fr\/wp-json\/wp\/v2\/media?parent=2123"}],"wp:term":[{"taxonomy":"category","embeddable":true,"href":"https:\/\/www.olidemallorca.es\/fr\/wp-json\/wp\/v2\/categories?post=2123"},{"taxonomy":"post_tag","embeddable":true,"href":"https:\/\/www.olidemallorca.es\/fr\/wp-json\/wp\/v2\/tags?post=2123"}],"curies":[{"name":"wp","href":"https:\/\/api.w.org\/{rel}","templated":true}]}}