{"id":2116,"date":"2014-02-20T14:03:48","date_gmt":"2014-02-20T14:03:48","guid":{"rendered":"http:\/\/www.olidemallorca.es\/la-pajarita-2\/"},"modified":"2014-08-18T12:24:14","modified_gmt":"2014-08-18T12:24:14","slug":"la-pajarita","status":"publish","type":"post","link":"https:\/\/www.olidemallorca.es\/fr\/la-pajarita\/","title":{"rendered":"La Pajarita"},"content":{"rendered":"<p>&lsquo;La Pajarita&rsquo;\u00a0est situ\u00e9 dans le centre de Palma et est un magasin phare o\u00f9 vous pouvez trouver des produits de qualit\u00e9 et des sp\u00e9cialit\u00e9s maison des \u00eeles Bal\u00e9ares.<\/p>\n<p><strong>Coordonn\u00e9es<\/strong><br \/>\nc\/ Sant Nicolau, 2 &#8211; 4, 07001 Palma de Mallorca<br \/>\nT\u00e9l\u00e9phone: \u00a0971 71 18 44<br \/>\n[portfolio_slideshow id=425]<\/p>\n","protected":false},"excerpt":{"rendered":"<p>c\/ Sant Nicolau, 2 &#8211; 4, 07001 Palma de Mallorca<br \/>\nT\u00e9l\u00e9phone: 971 71 18 44 <\/p>\n","protected":false},"author":1,"featured_media":426,"comment_status":"closed","ping_status":"open","sticky":false,"template":"","format":"standard","meta":{"_acf_changed":false,"footnotes":""},"categories":[17],"tags":[],"class_list":["post-2116","post","type-post","status-publish","format-standard","has-post-thumbnail","hentry","category-sin-categoria-fr"],"acf":[],"_links":{"self":[{"href":"https:\/\/www.olidemallorca.es\/fr\/wp-json\/wp\/v2\/posts\/2116"}],"collection":[{"href":"https:\/\/www.olidemallorca.es\/fr\/wp-json\/wp\/v2\/posts"}],"about":[{"href":"https:\/\/www.olidemallorca.es\/fr\/wp-json\/wp\/v2\/types\/post"}],"author":[{"embeddable":true,"href":"https:\/\/www.olidemallorca.es\/fr\/wp-json\/wp\/v2\/users\/1"}],"replies":[{"embeddable":true,"href":"https:\/\/www.olidemallorca.es\/fr\/wp-json\/wp\/v2\/comments?post=2116"}],"version-history":[{"count":2,"href":"https:\/\/www.olidemallorca.es\/fr\/wp-json\/wp\/v2\/posts\/2116\/revisions"}],"predecessor-version":[{"id":2446,"href":"https:\/\/www.olidemallorca.es\/fr\/wp-json\/wp\/v2\/posts\/2116\/revisions\/2446"}],"wp:featuredmedia":[{"embeddable":true,"href":"https:\/\/www.olidemallorca.es\/fr\/wp-json\/wp\/v2\/media\/426"}],"wp:attachment":[{"href":"https:\/\/www.olidemallorca.es\/fr\/wp-json\/wp\/v2\/media?parent=2116"}],"wp:term":[{"taxonomy":"category","embeddable":true,"href":"https:\/\/www.olidemallorca.es\/fr\/wp-json\/wp\/v2\/categories?post=2116"},{"taxonomy":"post_tag","embeddable":true,"href":"https:\/\/www.olidemallorca.es\/fr\/wp-json\/wp\/v2\/tags?post=2116"}],"curies":[{"name":"wp","href":"https:\/\/api.w.org\/{rel}","templated":true}]}}