{"id":2011,"date":"2014-02-21T09:02:09","date_gmt":"2014-02-21T09:02:09","guid":{"rendered":"http:\/\/www.olidemallorca.es\/son-vivot-2\/"},"modified":"2014-08-18T10:18:09","modified_gmt":"2014-08-18T10:18:09","slug":"son-vivot","status":"publish","type":"post","link":"https:\/\/www.olidemallorca.es\/fr\/son-vivot\/","title":{"rendered":"Son Vivot"},"content":{"rendered":"<p>Son Vivot\u00a0est un magasin phare dans le centre de Palma sp\u00e9cialis\u00e9e dans les produits locaux: la saucisse de Majorque, fromage Mahon, brioches Majorque, vins et spiritueux des \u00eeles.<\/p>\n<p><strong>Coordonn\u00e9es<\/strong><br \/>\nPla\u00e7a Porta Pintada, n. 1 &#8211; 07002 &#8211; Palma<br \/>\nT\u00e9l\u00e9phone: \u00a0971 72 07 48<br \/>\nFax: \u00a0971 46 76 52<br \/>\n<a href=\"mailto:info@son-vivot.com\">info@son-vivot.com<\/a><br \/>\n<a href=\"http:\/\/www.son-vivot.com\" target=\"_blank\">www.son-vivot.com<\/a><br \/>\n[portfolio_slideshow id=491]<\/p>\n","protected":false},"excerpt":{"rendered":"<p>Pla\u00e7a Porta Pintada, 1 &#8211; 07002 Palma de Mallorca<br \/>\nT\u00e9l\u00e9phone: 971 72 07 48 <\/p>\n","protected":false},"author":1,"featured_media":492,"comment_status":"closed","ping_status":"open","sticky":false,"template":"","format":"standard","meta":{"_acf_changed":false,"footnotes":""},"categories":[17],"tags":[],"class_list":["post-2011","post","type-post","status-publish","format-standard","has-post-thumbnail","hentry","category-sin-categoria-fr"],"acf":[],"_links":{"self":[{"href":"https:\/\/www.olidemallorca.es\/fr\/wp-json\/wp\/v2\/posts\/2011"}],"collection":[{"href":"https:\/\/www.olidemallorca.es\/fr\/wp-json\/wp\/v2\/posts"}],"about":[{"href":"https:\/\/www.olidemallorca.es\/fr\/wp-json\/wp\/v2\/types\/post"}],"author":[{"embeddable":true,"href":"https:\/\/www.olidemallorca.es\/fr\/wp-json\/wp\/v2\/users\/1"}],"replies":[{"embeddable":true,"href":"https:\/\/www.olidemallorca.es\/fr\/wp-json\/wp\/v2\/comments?post=2011"}],"version-history":[{"count":3,"href":"https:\/\/www.olidemallorca.es\/fr\/wp-json\/wp\/v2\/posts\/2011\/revisions"}],"predecessor-version":[{"id":2377,"href":"https:\/\/www.olidemallorca.es\/fr\/wp-json\/wp\/v2\/posts\/2011\/revisions\/2377"}],"wp:featuredmedia":[{"embeddable":true,"href":"https:\/\/www.olidemallorca.es\/fr\/wp-json\/wp\/v2\/media\/492"}],"wp:attachment":[{"href":"https:\/\/www.olidemallorca.es\/fr\/wp-json\/wp\/v2\/media?parent=2011"}],"wp:term":[{"taxonomy":"category","embeddable":true,"href":"https:\/\/www.olidemallorca.es\/fr\/wp-json\/wp\/v2\/categories?post=2011"},{"taxonomy":"post_tag","embeddable":true,"href":"https:\/\/www.olidemallorca.es\/fr\/wp-json\/wp\/v2\/tags?post=2011"}],"curies":[{"name":"wp","href":"https:\/\/api.w.org\/{rel}","templated":true}]}}