{"id":13427,"date":"2026-03-17T08:47:01","date_gmt":"2026-03-17T08:47:01","guid":{"rendered":"https:\/\/www.olidemallorca.es\/?p=13427"},"modified":"2026-03-18T09:52:35","modified_gmt":"2026-03-18T09:52:35","slug":"oberta-la-convocatoria-per-participar-a-oleotapa-el-concurs-de-tapes-amb-oli-de-mallorca","status":"publish","type":"post","link":"https:\/\/www.olidemallorca.es\/fr\/oberta-la-convocatoria-per-participar-a-oleotapa-el-concurs-de-tapes-amb-oli-de-mallorca\/","title":{"rendered":"Oberta la convocat\u00f2ria per participar a Oleotapa, el concurs de tapes amb Oli de Mallorca"},"content":{"rendered":"\n<p>El Consell Regulador de la Denominaci\u00f3 d\u2019Origen Oli de Mallorca convoca Oleotapa, concurs dirigit a cuiners professionals que premiar\u00e0 la tapa que millor integri el sabor i aroma de l\u2019Oli d\u2019Oliva Verge Extra de qualitat elaborat a Mallorca.<\/p>\n\n\n\n<figure class=\"wp-block-image size-large\"><a href=\"https:\/\/www.olidemallorca.es\/wp-content\/uploads\/2026\/03\/Oleotapa-26-post-2.jpg\"><img loading=\"lazy\" decoding=\"async\" width=\"1024\" height=\"1024\" src=\"https:\/\/www.olidemallorca.es\/wp-content\/uploads\/2026\/03\/Oleotapa-26-post-2-1024x1024.jpg\" alt=\"\" class=\"wp-image-13394\" srcset=\"https:\/\/www.olidemallorca.es\/wp-content\/uploads\/2026\/03\/Oleotapa-26-post-2-1024x1024.jpg 1024w, https:\/\/www.olidemallorca.es\/wp-content\/uploads\/2026\/03\/Oleotapa-26-post-2-300x300.jpg 300w, https:\/\/www.olidemallorca.es\/wp-content\/uploads\/2026\/03\/Oleotapa-26-post-2-150x150.jpg 150w, https:\/\/www.olidemallorca.es\/wp-content\/uploads\/2026\/03\/Oleotapa-26-post-2-768x768.jpg 768w, https:\/\/www.olidemallorca.es\/wp-content\/uploads\/2026\/03\/Oleotapa-26-post-2.jpg 1080w\" sizes=\"(max-width: 1024px) 100vw, 1024px\" \/><\/a><\/figure>\n\n\n\n<p><strong>PREMIS<\/strong><\/p>\n\n\n\n<p><strong>1r Premi<\/strong><\/p>\n\n\n\n<ul class=\"wp-block-list\">\n<li>Selecci\u00f3 d\u2019Oli d\u2019Oliva Verge Extra amb segell de qualitat Oli de Mallorca<\/li>\n\n\n\n<li>Passi de congressista a Madrid Fusion 2027 (ambs vols d\u2019anada i tornada a Madrid i 2 nits d\u2019hotel)<\/li>\n\n\n\n<li>250\u20ac en vals de compra al Mercat de l\u2019Olivar<\/li>\n<\/ul>\n\n\n\n<p><strong>2n Classificat<\/strong><\/p>\n\n\n\n<ul class=\"wp-block-list\">\n<li>Selecci\u00f3 d\u2019Oli d\u2019Oliva Verge Extra amb segell de qualitat Oli de Mallorca<\/li>\n\n\n\n<li>200\u20ac en vals de compra al Mercat de l\u2019Olivar<\/li>\n<\/ul>\n\n\n\n<p><strong>3r Classificat<\/strong><\/p>\n\n\n\n<ul class=\"wp-block-list\">\n<li>Selecci\u00f3 d\u2019Oli d\u2019Oliva Verge Extra amb segell de qualitat Oli de Mallorca<\/li>\n\n\n\n<li>150\u20ac en vals de compra al Mercat de l\u2019Olivar<\/li>\n<\/ul>\n\n\n\n<p>D&rsquo;entre les tapes presentades, es seleccionaran un m\u00e0xim de vuit propostes per participar a la final que tindr\u00e0 lloc el dia 27 d&rsquo;abril de 2026 a l&rsquo;Escola d&rsquo;Hoteleria de les Illes Balears. <\/p>\n\n\n\n<div class=\"wp-block-buttons is-content-justification-center is-layout-flex wp-container-core-buttons-is-layout-1 wp-block-buttons-is-layout-flex\">\n<div class=\"wp-block-button\"><a class=\"wp-block-button__link has-cyan-bluish-gray-background-color has-background wp-element-button\" href=\"https:\/\/www.olidemallorca.es\/wp-content\/uploads\/2026\/03\/oleotapa_26_bases_concurs-3.pdf\" style=\"border-radius:14px\"><img decoding=\"async\" class=\"wp-image-13399\" style=\"width: NaNpx;\" src=\"https:\/\/www.olidemallorca.es\/wp-content\/uploads\/2026\/03\/oleotapa_26_bases_concurs.pdf\" alt=\"\">Bas<img decoding=\"async\" class=\"wp-image-13410\" style=\"width: NaNpx;\" src=\"https:\/\/www.olidemallorca.es\/wp-content\/uploads\/2026\/03\/oleotapa_26_bases_concurs-2.pdf\" alt=\"\">es<\/a><\/div>\n<\/div>\n\n\n\n<hr class=\"wp-block-separator has-alpha-channel-opacity\"\/>\n\n\n\n<p><\/p>\n\n\n\n<div class=\"wp-block-buttons is-content-justification-center is-layout-flex wp-container-core-buttons-is-layout-2 wp-block-buttons-is-layout-flex\">\n<div class=\"wp-block-button is-style-fill\"><a class=\"wp-block-button__link has-cyan-bluish-gray-background-color has-background wp-element-button\" href=\"https:\/\/forms.gle\/Q575KK2aYXqe2LLu6\" style=\"border-radius:8px\">Formulari d&rsquo;inscripci\u00f3<\/a><\/div>\n<\/div>\n\n\n\n<p>El concurs Oleotapa compta amb el suport del Mercat de l\u2019Olivar, Escola d\u2019Hoteleria de les Illes Balears , aix\u00ed com del Fons de Garantia Agr\u00e0ria i Pesquera de les Illes Balears, Ministerio de Agricultura, Pesca y Alimentaci\u00f3n i Fons Europeu Agr\u00edcola de Desenvolupament Rural.<\/p>\n\n\n\n<p><\/p>\n","protected":false},"excerpt":{"rendered":"<p>El Consell Regulador de la Denominaci\u00f3 d\u2019Origen Oli de Mallorca convoca Oleotapa, concurs dirigit a cuiners professionals que premiar\u00e0 la tapa que millor integri el sabor i aroma de l\u2019Oli d\u2019Oliva Verge Extra de qualitat elaborat a Mallorca. PREMIS 1r Premi 2n Classificat 3r Classificat D&rsquo;entre les tapes presentades, es seleccionaran un m\u00e0xim de vuit [&hellip;]<\/p>\n","protected":false},"author":3,"featured_media":13391,"comment_status":"closed","ping_status":"open","sticky":false,"template":"","format":"standard","meta":{"_acf_changed":false,"footnotes":""},"categories":[43,17],"tags":[1180,97,877,4043,920,2046],"class_list":["post-13427","post","type-post","status-publish","format-standard","has-post-thumbnail","hentry","category-nouvelles","category-sin-categoria-fr","tag-concurs-fr","tag-ehib-fr","tag-mercat-de-lolivar-fr","tag-oletapa-fr","tag-oli-doliva-verge-extra-fr","tag-tapa-fr"],"acf":[],"_links":{"self":[{"href":"https:\/\/www.olidemallorca.es\/fr\/wp-json\/wp\/v2\/posts\/13427"}],"collection":[{"href":"https:\/\/www.olidemallorca.es\/fr\/wp-json\/wp\/v2\/posts"}],"about":[{"href":"https:\/\/www.olidemallorca.es\/fr\/wp-json\/wp\/v2\/types\/post"}],"author":[{"embeddable":true,"href":"https:\/\/www.olidemallorca.es\/fr\/wp-json\/wp\/v2\/users\/3"}],"replies":[{"embeddable":true,"href":"https:\/\/www.olidemallorca.es\/fr\/wp-json\/wp\/v2\/comments?post=13427"}],"version-history":[{"count":2,"href":"https:\/\/www.olidemallorca.es\/fr\/wp-json\/wp\/v2\/posts\/13427\/revisions"}],"predecessor-version":[{"id":13438,"href":"https:\/\/www.olidemallorca.es\/fr\/wp-json\/wp\/v2\/posts\/13427\/revisions\/13438"}],"wp:featuredmedia":[{"embeddable":true,"href":"https:\/\/www.olidemallorca.es\/fr\/wp-json\/wp\/v2\/media\/13391"}],"wp:attachment":[{"href":"https:\/\/www.olidemallorca.es\/fr\/wp-json\/wp\/v2\/media?parent=13427"}],"wp:term":[{"taxonomy":"category","embeddable":true,"href":"https:\/\/www.olidemallorca.es\/fr\/wp-json\/wp\/v2\/categories?post=13427"},{"taxonomy":"post_tag","embeddable":true,"href":"https:\/\/www.olidemallorca.es\/fr\/wp-json\/wp\/v2\/tags?post=13427"}],"curies":[{"name":"wp","href":"https:\/\/api.w.org\/{rel}","templated":true}]}}