{"id":13378,"date":"2026-03-16T08:53:17","date_gmt":"2026-03-16T08:53:17","guid":{"rendered":"https:\/\/www.olidemallorca.es\/el-doctor-miguel-fiol-carme-garau-antoni-calafell-i-treurer-reconeguts-a-la-reunio-anual-dinscrits\/"},"modified":"2026-03-16T09:09:33","modified_gmt":"2026-03-16T09:09:33","slug":"el-doctor-miguel-fiol-carme-garau-antoni-calafell-i-treurer-reconeguts-a-la-reunio-anual-dinscrits","status":"publish","type":"post","link":"https:\/\/www.olidemallorca.es\/fr\/el-doctor-miguel-fiol-carme-garau-antoni-calafell-i-treurer-reconeguts-a-la-reunio-anual-dinscrits\/","title":{"rendered":"El doctor Miguel Fiol, Carme Garau, Antoni Calafell i Treurer, reconeguts a la reuni\u00f3 anual d&rsquo;inscrits\u00a0\u00a0"},"content":{"rendered":"\n<p>Les varietats locals d&rsquo;olivera de Mallorca i les propietats saludables associades al consum d&rsquo;Oli d&rsquo;Oliva Verge Extra han estat dos dels temes que s&rsquo;han exposat a la reuni\u00f3 anual d&rsquo;inscrits&nbsp;de&nbsp;la&nbsp;Denominaci\u00f3 d&rsquo;Origen Oli de Mallorca&nbsp;que ha tingut lloc aquest mat\u00ed a Algaida.<\/p>\n\n\n\n<p>A la&nbsp;cita, que ha comptat amb la pres\u00e8ncia del director general de&nbsp;Qualitat&nbsp;Agroaliment\u00e0ria&nbsp;i&nbsp;Producte&nbsp;Local, Joan Llabr\u00e9s,&nbsp;el consell regulador&nbsp;ha volgut fer valdre la feina feta pels investigadors Miguel Fiol i Carme&nbsp;Garau aix\u00ed com a&nbsp;Treurer per les distincions obtingudes l&rsquo;any 2025 i a l&rsquo;Antoni Calafell en el seu vessant com a jove agricultor, per\u00f2 tamb\u00e9 com a investigador.<\/p>\n\n\n\n<figure class=\"wp-block-gallery has-nested-images columns-default is-cropped wp-block-gallery-1 is-layout-flex wp-block-gallery-is-layout-flex\">\n<figure class=\"wp-block-image size-large\"><a href=\"https:\/\/www.olidemallorca.es\/wp-content\/uploads\/2026\/03\/Reunio-anual-2026-5-scaled.jpg\"><img loading=\"lazy\" decoding=\"async\" width=\"1024\" height=\"768\" data-id=\"13341\" src=\"https:\/\/www.olidemallorca.es\/wp-content\/uploads\/2026\/03\/Reunio-anual-2026-5-1024x768.jpg\" alt=\"\" class=\"wp-image-13341\" srcset=\"https:\/\/www.olidemallorca.es\/wp-content\/uploads\/2026\/03\/Reunio-anual-2026-5-1024x768.jpg 1024w, https:\/\/www.olidemallorca.es\/wp-content\/uploads\/2026\/03\/Reunio-anual-2026-5-300x225.jpg 300w, https:\/\/www.olidemallorca.es\/wp-content\/uploads\/2026\/03\/Reunio-anual-2026-5-768x576.jpg 768w, https:\/\/www.olidemallorca.es\/wp-content\/uploads\/2026\/03\/Reunio-anual-2026-5-1536x1152.jpg 1536w, https:\/\/www.olidemallorca.es\/wp-content\/uploads\/2026\/03\/Reunio-anual-2026-5-2048x1536.jpg 2048w\" sizes=\"(max-width: 1024px) 100vw, 1024px\" \/><\/a><\/figure>\n\n\n\n<figure class=\"wp-block-image size-large\"><a href=\"https:\/\/www.olidemallorca.es\/wp-content\/uploads\/2026\/03\/reunio-anual-2026-6-scaled.jpg\"><img loading=\"lazy\" decoding=\"async\" width=\"1024\" height=\"768\" data-id=\"13336\" src=\"https:\/\/www.olidemallorca.es\/wp-content\/uploads\/2026\/03\/reunio-anual-2026-6-1024x768.jpg\" alt=\"\" class=\"wp-image-13336\" srcset=\"https:\/\/www.olidemallorca.es\/wp-content\/uploads\/2026\/03\/reunio-anual-2026-6-1024x768.jpg 1024w, https:\/\/www.olidemallorca.es\/wp-content\/uploads\/2026\/03\/reunio-anual-2026-6-300x225.jpg 300w, https:\/\/www.olidemallorca.es\/wp-content\/uploads\/2026\/03\/reunio-anual-2026-6-768x576.jpg 768w, https:\/\/www.olidemallorca.es\/wp-content\/uploads\/2026\/03\/reunio-anual-2026-6-1536x1152.jpg 1536w, https:\/\/www.olidemallorca.es\/wp-content\/uploads\/2026\/03\/reunio-anual-2026-6-2048x1536.jpg 2048w\" sizes=\"(max-width: 1024px) 100vw, 1024px\" \/><\/a><\/figure>\n\n\n\n<figure class=\"wp-block-image size-large\"><a href=\"https:\/\/www.olidemallorca.es\/wp-content\/uploads\/2026\/03\/reunio-anual-2026-7-scaled.jpg\"><img loading=\"lazy\" decoding=\"async\" width=\"1024\" height=\"768\" data-id=\"13346\" src=\"https:\/\/www.olidemallorca.es\/wp-content\/uploads\/2026\/03\/reunio-anual-2026-7-1024x768.jpg\" alt=\"\" class=\"wp-image-13346\" srcset=\"https:\/\/www.olidemallorca.es\/wp-content\/uploads\/2026\/03\/reunio-anual-2026-7-1024x768.jpg 1024w, https:\/\/www.olidemallorca.es\/wp-content\/uploads\/2026\/03\/reunio-anual-2026-7-300x225.jpg 300w, https:\/\/www.olidemallorca.es\/wp-content\/uploads\/2026\/03\/reunio-anual-2026-7-768x576.jpg 768w, https:\/\/www.olidemallorca.es\/wp-content\/uploads\/2026\/03\/reunio-anual-2026-7-1536x1152.jpg 1536w, https:\/\/www.olidemallorca.es\/wp-content\/uploads\/2026\/03\/reunio-anual-2026-7-2048x1536.jpg 2048w\" sizes=\"(max-width: 1024px) 100vw, 1024px\" \/><\/a><\/figure>\n<\/figure>\n\n\n\n<p>Calafell ha estat precisament l&rsquo;encarregat d&rsquo;oferir als que han participat en la jornada algunes de les conclusions del treball de prospecci\u00f3 que realitza per localitzar i identificar varietats locals d&rsquo;olivera a l&rsquo;illa.<\/p>\n\n\n\n<figure class=\"wp-block-gallery has-nested-images columns-default is-cropped wp-block-gallery-2 is-layout-flex wp-block-gallery-is-layout-flex\">\n<figure class=\"wp-block-image size-large\"><a href=\"https:\/\/www.olidemallorca.es\/wp-content\/uploads\/2026\/03\/Jornada-Anual-2026-2-scaled.jpg\"><img loading=\"lazy\" decoding=\"async\" width=\"1024\" height=\"768\" data-id=\"13366\" src=\"https:\/\/www.olidemallorca.es\/wp-content\/uploads\/2026\/03\/Jornada-Anual-2026-2-1024x768.jpg\" alt=\"\" class=\"wp-image-13366\" srcset=\"https:\/\/www.olidemallorca.es\/wp-content\/uploads\/2026\/03\/Jornada-Anual-2026-2-1024x768.jpg 1024w, https:\/\/www.olidemallorca.es\/wp-content\/uploads\/2026\/03\/Jornada-Anual-2026-2-300x225.jpg 300w, https:\/\/www.olidemallorca.es\/wp-content\/uploads\/2026\/03\/Jornada-Anual-2026-2-768x576.jpg 768w, https:\/\/www.olidemallorca.es\/wp-content\/uploads\/2026\/03\/Jornada-Anual-2026-2-1536x1152.jpg 1536w, https:\/\/www.olidemallorca.es\/wp-content\/uploads\/2026\/03\/Jornada-Anual-2026-2-2048x1536.jpg 2048w\" sizes=\"(max-width: 1024px) 100vw, 1024px\" \/><\/a><\/figure>\n\n\n\n<figure class=\"wp-block-image size-large\"><a href=\"https:\/\/www.olidemallorca.es\/wp-content\/uploads\/2026\/03\/reunio-anual-8.jpeg\"><img loading=\"lazy\" decoding=\"async\" width=\"1024\" height=\"768\" data-id=\"13351\" src=\"https:\/\/www.olidemallorca.es\/wp-content\/uploads\/2026\/03\/reunio-anual-8-1024x768.jpeg\" alt=\"\" class=\"wp-image-13351\" srcset=\"https:\/\/www.olidemallorca.es\/wp-content\/uploads\/2026\/03\/reunio-anual-8-1024x768.jpeg 1024w, https:\/\/www.olidemallorca.es\/wp-content\/uploads\/2026\/03\/reunio-anual-8-300x225.jpeg 300w, https:\/\/www.olidemallorca.es\/wp-content\/uploads\/2026\/03\/reunio-anual-8-768x576.jpeg 768w, https:\/\/www.olidemallorca.es\/wp-content\/uploads\/2026\/03\/reunio-anual-8-1536x1152.jpeg 1536w, https:\/\/www.olidemallorca.es\/wp-content\/uploads\/2026\/03\/reunio-anual-8.jpeg 1600w\" sizes=\"(max-width: 1024px) 100vw, 1024px\" \/><\/a><\/figure>\n\n\n\n<figure class=\"wp-block-image size-large\"><a href=\"https:\/\/www.olidemallorca.es\/wp-content\/uploads\/2026\/03\/Reunio-anual-2026-3-scaled.jpg\"><img loading=\"lazy\" decoding=\"async\" width=\"1024\" height=\"768\" data-id=\"13356\" src=\"https:\/\/www.olidemallorca.es\/wp-content\/uploads\/2026\/03\/Reunio-anual-2026-3-1024x768.jpg\" alt=\"\" class=\"wp-image-13356\" srcset=\"https:\/\/www.olidemallorca.es\/wp-content\/uploads\/2026\/03\/Reunio-anual-2026-3-1024x768.jpg 1024w, https:\/\/www.olidemallorca.es\/wp-content\/uploads\/2026\/03\/Reunio-anual-2026-3-300x225.jpg 300w, https:\/\/www.olidemallorca.es\/wp-content\/uploads\/2026\/03\/Reunio-anual-2026-3-768x576.jpg 768w, https:\/\/www.olidemallorca.es\/wp-content\/uploads\/2026\/03\/Reunio-anual-2026-3-1536x1152.jpg 1536w, https:\/\/www.olidemallorca.es\/wp-content\/uploads\/2026\/03\/Reunio-anual-2026-3-2048x1536.jpg 2048w\" sizes=\"(max-width: 1024px) 100vw, 1024px\" \/><\/a><\/figure>\n\n\n\n<figure class=\"wp-block-image size-large\"><a href=\"https:\/\/www.olidemallorca.es\/wp-content\/uploads\/2026\/03\/Reunio-anual-2026-4-scaled.jpg\"><img loading=\"lazy\" decoding=\"async\" width=\"1024\" height=\"768\" data-id=\"13361\" src=\"https:\/\/www.olidemallorca.es\/wp-content\/uploads\/2026\/03\/Reunio-anual-2026-4-1024x768.jpg\" alt=\"\" class=\"wp-image-13361\" srcset=\"https:\/\/www.olidemallorca.es\/wp-content\/uploads\/2026\/03\/Reunio-anual-2026-4-1024x768.jpg 1024w, https:\/\/www.olidemallorca.es\/wp-content\/uploads\/2026\/03\/Reunio-anual-2026-4-300x225.jpg 300w, https:\/\/www.olidemallorca.es\/wp-content\/uploads\/2026\/03\/Reunio-anual-2026-4-768x576.jpg 768w, https:\/\/www.olidemallorca.es\/wp-content\/uploads\/2026\/03\/Reunio-anual-2026-4-1536x1152.jpg 1536w, https:\/\/www.olidemallorca.es\/wp-content\/uploads\/2026\/03\/Reunio-anual-2026-4-2048x1536.jpg 2048w\" sizes=\"(max-width: 1024px) 100vw, 1024px\" \/><\/a><\/figure>\n\n\n\n<figure class=\"wp-block-image size-large\"><a href=\"https:\/\/www.olidemallorca.es\/wp-content\/uploads\/2026\/03\/Reunio-Anual-2026-scaled.jpg\"><img loading=\"lazy\" decoding=\"async\" width=\"1024\" height=\"768\" data-id=\"13371\" src=\"https:\/\/www.olidemallorca.es\/wp-content\/uploads\/2026\/03\/Reunio-Anual-2026-1024x768.jpg\" alt=\"\" class=\"wp-image-13371\" srcset=\"https:\/\/www.olidemallorca.es\/wp-content\/uploads\/2026\/03\/Reunio-Anual-2026-1024x768.jpg 1024w, https:\/\/www.olidemallorca.es\/wp-content\/uploads\/2026\/03\/Reunio-Anual-2026-300x225.jpg 300w, https:\/\/www.olidemallorca.es\/wp-content\/uploads\/2026\/03\/Reunio-Anual-2026-768x576.jpg 768w, https:\/\/www.olidemallorca.es\/wp-content\/uploads\/2026\/03\/Reunio-Anual-2026-1536x1152.jpg 1536w, https:\/\/www.olidemallorca.es\/wp-content\/uploads\/2026\/03\/Reunio-Anual-2026-2048x1536.jpg 2048w\" sizes=\"(max-width: 1024px) 100vw, 1024px\" \/><\/a><\/figure>\n<\/figure>\n\n\n\n<p>Per la seva banda,&nbsp;el&nbsp;doctor&nbsp;Miguel Fiol&nbsp;qui, d&rsquo;entre d&rsquo;altres forma part del grup d&rsquo;investigaci\u00f3 NUTRECOR de l&rsquo;IdISBa,&nbsp;ha exposat&nbsp;les&nbsp;noves evid\u00e8ncies que ha desvetllat l&rsquo;estudi d&rsquo;\u00e0mbit estatal&nbsp;al qual ha participat&nbsp;(resultats del qual ha publicat la revista American Heart&nbsp;Journal)&nbsp;i del que&nbsp;es pot extreure que un consum elevat d&rsquo;Oli d&rsquo;Oliva Verge Extra es podria associar a una reducci\u00f3 del risc cardiovascular, diferenciant-lo de l&rsquo;oli d&rsquo;oliva com\u00fa, que no hauria mostrat associacions beneficioses significatives,&nbsp;amb tota probabilitat per no comptar amb tants polifenols i altres agents bioactius que si estan presents al Verge Extra.<\/p>\n\n\n\n<p>Per aquest treball,&nbsp;aix\u00ed com&nbsp;pel desenvolupat com a investigador principal a les Illes Balears del projecte estatal PREDIMED han contribu\u00eft a ampliar el coneixement vers les propietats saludables de l&rsquo;Oli d&rsquo;Oliva Verge Extra, d&rsquo;aqu\u00ed que&nbsp;el consell regulador hagi volgut que el doctor Miguel Fiol&nbsp;fos una de les persones a recon\u00e8ixer per&nbsp;la seva tasca juntament amb la Carme Garau, cap de&nbsp;Producci\u00f3&nbsp;Vegetal de l&rsquo;Institut&nbsp;de Recerca i&nbsp;Formaci\u00f3&nbsp;Agroaliment\u00e0ria&nbsp;i Pesquera de les Illes Balears i l&rsquo;olivicultor Antoni Calafell.<\/p>\n\n\n\n<p>El segell de qualitat tampoc ha volgut perdre l&rsquo;ocasi\u00f3 de donar valor a la visibilitat que representa per al distintiu la pres\u00e8ncia de les marques emparades a competicions internacionals, d&rsquo;aqu\u00ed que hagi reconegut tamb\u00e9 a Treurer despr\u00e9s d&rsquo;haver obtingut la medalla d&rsquo;or a&nbsp;la&nbsp;New York International&nbsp;Olive&nbsp;Oil&nbsp;Competition,&nbsp;Olive&nbsp;Japan&nbsp;International Extra&nbsp;Virgin&nbsp;Olive&nbsp;Oil&nbsp;Competition,&nbsp;Los Angeles International Extra&nbsp;Virgin&nbsp;Olive&nbsp;Oil&nbsp;Competition,&nbsp;London&nbsp;International&nbsp;Olive&nbsp;Oil&nbsp;Competition&nbsp;i en la&nbsp;Berlin Global&nbsp;Olive&nbsp;Oil&nbsp;Awards.<\/p>\n\n\n\n<p><\/p>\n","protected":false},"excerpt":{"rendered":"<p>Les varietats locals d&rsquo;olivera de Mallorca i les propietats saludables associades al consum d&rsquo;Oli d&rsquo;Oliva Verge Extra han estat dos dels temes que s&rsquo;han exposat a la reuni\u00f3 anual d&rsquo;inscrits&nbsp;de&nbsp;la&nbsp;Denominaci\u00f3 d&rsquo;Origen Oli de Mallorca&nbsp;que ha tingut lloc aquest mat\u00ed a Algaida. A la&nbsp;cita, que ha comptat amb la pres\u00e8ncia del director general de&nbsp;Qualitat&nbsp;Agroaliment\u00e0ria&nbsp;i&nbsp;Producte&nbsp;Local, Joan Llabr\u00e9s,&nbsp;el [&hellip;]<\/p>\n","protected":false},"author":3,"featured_media":13348,"comment_status":"closed","ping_status":"open","sticky":false,"template":"","format":"standard","meta":{"_acf_changed":false,"footnotes":""},"categories":[43],"tags":[4017,4018,4019,4020,3856,3287,3708,4021,4022,1492,4023,1209,4024],"class_list":["post-13378","post","type-post","status-publish","format-standard","has-post-thumbnail","hentry","category-nouvelles","tag-antoni-calafell-fr","tag-carme-garau-fr","tag-dg-qualitat-agroalimentaria-i-producte-local-fr","tag-do-oli-de-mallorca-fr","tag-idisba-fr","tag-irfap-fr","tag-joan-llabres-fr","tag-miguel-fiol-fr","tag-nutrescore-fr","tag-predimed-fr","tag-propietats-saludables-oli-doliva-verge-extra-fr","tag-treurer-fr","tag-varietats-locals-dolivera-fr"],"acf":[],"_links":{"self":[{"href":"https:\/\/www.olidemallorca.es\/fr\/wp-json\/wp\/v2\/posts\/13378"}],"collection":[{"href":"https:\/\/www.olidemallorca.es\/fr\/wp-json\/wp\/v2\/posts"}],"about":[{"href":"https:\/\/www.olidemallorca.es\/fr\/wp-json\/wp\/v2\/types\/post"}],"author":[{"embeddable":true,"href":"https:\/\/www.olidemallorca.es\/fr\/wp-json\/wp\/v2\/users\/3"}],"replies":[{"embeddable":true,"href":"https:\/\/www.olidemallorca.es\/fr\/wp-json\/wp\/v2\/comments?post=13378"}],"version-history":[{"count":1,"href":"https:\/\/www.olidemallorca.es\/fr\/wp-json\/wp\/v2\/posts\/13378\/revisions"}],"predecessor-version":[{"id":13382,"href":"https:\/\/www.olidemallorca.es\/fr\/wp-json\/wp\/v2\/posts\/13378\/revisions\/13382"}],"wp:featuredmedia":[{"embeddable":true,"href":"https:\/\/www.olidemallorca.es\/fr\/wp-json\/wp\/v2\/media\/13348"}],"wp:attachment":[{"href":"https:\/\/www.olidemallorca.es\/fr\/wp-json\/wp\/v2\/media?parent=13378"}],"wp:term":[{"taxonomy":"category","embeddable":true,"href":"https:\/\/www.olidemallorca.es\/fr\/wp-json\/wp\/v2\/categories?post=13378"},{"taxonomy":"post_tag","embeddable":true,"href":"https:\/\/www.olidemallorca.es\/fr\/wp-json\/wp\/v2\/tags?post=13378"}],"curies":[{"name":"wp","href":"https:\/\/api.w.org\/{rel}","templated":true}]}}