{"id":6149,"date":"2022-11-28T13:15:42","date_gmt":"2022-11-28T13:15:42","guid":{"rendered":"http:\/\/www.olidemallorca.es\/oli-de-mallorca-nomena-gaspar-barcelo-tafoner-major-2022-2\/"},"modified":"2022-11-28T13:17:38","modified_gmt":"2022-11-28T13:17:38","slug":"oli-de-mallorca-nomena-gaspar-barcelo-tafoner-major-2022","status":"publish","type":"post","link":"https:\/\/www.olidemallorca.es\/es\/oli-de-mallorca-nomena-gaspar-barcelo-tafoner-major-2022\/","title":{"rendered":"Oli de Mallorca nombra Tafoner Major a Gaspar Barcel\u00f3"},"content":{"rendered":"<p><a href=\"https:\/\/www.olidemallorca.es\/wp-content\/uploads\/2022\/11\/20221128_113106.jpg\"><img loading=\"lazy\" decoding=\"async\" class=\"aligncenter size-large wp-image-6143\" src=\"https:\/\/www.olidemallorca.es\/wp-content\/uploads\/2022\/11\/20221128_113106-1024x768.jpg\" alt=\"20221128_113106\" width=\"604\" height=\"453\" srcset=\"https:\/\/www.olidemallorca.es\/wp-content\/uploads\/2022\/11\/20221128_113106-1024x768.jpg 1024w, https:\/\/www.olidemallorca.es\/wp-content\/uploads\/2022\/11\/20221128_113106-300x225.jpg 300w, https:\/\/www.olidemallorca.es\/wp-content\/uploads\/2022\/11\/20221128_113106-768x576.jpg 768w\" sizes=\"(max-width: 604px) 100vw, 604px\" \/><\/a><\/p>\n<p>La almazara de Treurer ha acogido el nombramiento de Gaspar Barcel\u00f3 como Tafoner Major de la Denominaci\u00f3n de Origen Oli de Mallorca, distinci\u00f3n anual con la que el Consejo Regulador destaca la labor que desarrollan personas, empresas o entidades en cuanto a la difusi\u00f3n de la cultura del Oli de Mallorca.<\/p>\n<p>Este a\u00f1o, coincidiendo con la celebraci\u00f3n del 20\u00ba aniversario de la creaci\u00f3n del sello de calidad, el Consejo Regulador ha querido conceder el t\u00edtulo de Tafoner Major a Gaspar Barcel\u00f3 qui\u00e9n, desde su posici\u00f3n de maestro de almazara de la Cooperativa de Sant Bartomeu de S\u00f3ller por m\u00e1s de tres d\u00e9cadas, ha sido parte fundamental en el desarrollo de Denominaci\u00f3n de Origen Oli de Mallorca.<\/p>\n<p><a href=\"https:\/\/www.olidemallorca.es\/wp-content\/uploads\/2022\/11\/Nomenament-Tafoner-Major-2022-1.jpg\"><img loading=\"lazy\" decoding=\"async\" class=\"aligncenter size-large wp-image-6144\" src=\"https:\/\/www.olidemallorca.es\/wp-content\/uploads\/2022\/11\/Nomenament-Tafoner-Major-2022-1-1024x817.jpg\" alt=\"nomenament-tafoner-major-2022-1\" width=\"604\" height=\"482\" srcset=\"https:\/\/www.olidemallorca.es\/wp-content\/uploads\/2022\/11\/Nomenament-Tafoner-Major-2022-1-1024x817.jpg 1024w, https:\/\/www.olidemallorca.es\/wp-content\/uploads\/2022\/11\/Nomenament-Tafoner-Major-2022-1-300x239.jpg 300w, https:\/\/www.olidemallorca.es\/wp-content\/uploads\/2022\/11\/Nomenament-Tafoner-Major-2022-1-768x613.jpg 768w\" sizes=\"(max-width: 604px) 100vw, 604px\" \/><\/a><\/p>\n<p>En el acto, presidido por el vicepresidente de la D.O. Oli de Mallorca, Jaume Riera; el director general de Sobirania Aliment\u00e0ria del Govern Balear, Aram Ortega y el conseller executiu de Promoci\u00f3 Econ\u00f2mica i Desenvolupament Local del Consell de Mallorca, Jaume Alzamora, Riera ha alabado el papel de Gaspar Barcel\u00f3 en la consecuci\u00f3n del objetivo en cuando a la calidad de los aceites de oliva de Mallorca para, a continuaci\u00f3n, hacerle entrega del <em>quart\u00e0<\/em> de cobre (antigua medida de aceite) a Barcel\u00f3 que visiblemente emocionado ha dedicado unas palabras de agradecimiento por el reconocimiento.<\/p>\n<p>El conseller de Promoci\u00f3 Econ\u00f2mica i Desenvolupament Local, Jaume Alzamora, ha cerrado el acto destacando \u201cla importancia de reconocer el trabajo de personas como Gaspar Barcel\u00f3, que trabajan para el paisaje y el producto de Mallorca pero, sobre todo, para elaborar un producto de calidad que ayuda a transformar la econom\u00eda de la Isla\u201d.<\/p>\n<p>Los asistentes, entre los que tambi\u00e9n se encontraban el teniente de alcalde de Medi Ambient i Benestar Animal del Ajuntament de Palma, Ram\u00f3n Perpiny\u00e0; el presidente de honor de la DO Oli de Mallorca, Pep Oliver, as\u00ed como una nutrida representaci\u00f3n de elaboradores y productores del sello de calidad como el presidente de la Cooperativa de S\u00f3ller, Miquel Gual; Esteve Alzina, Sebasti\u00e0 Solivellas, Tomeu Arbona, Louise Martens, Tiffany Blackman y Franz Kraus, entre otros, \u00a0han tenido la oportunidad de conocer la nueva almazara de Treurer de mano de los anfitriones, Miquel y Joan Miralles.<\/p>\n","protected":false},"excerpt":{"rendered":"<p>La almazara de Treurer ha acogido el nombramiento de Gaspar Barcel\u00f3 como Tafoner Major de la Denominaci\u00f3n de Origen Oli de Mallorca, distinci\u00f3n anual con la que el Consejo Regulador destaca la labor que desarrollan personas, empresas o entidades en cuanto a la difusi\u00f3n de la cultura del Oli de Mallorca. Este a\u00f1o, coincidiendo con [&hellip;]<\/p>\n","protected":false},"author":3,"featured_media":6144,"comment_status":"closed","ping_status":"open","sticky":false,"template":"","format":"standard","meta":{"_acf_changed":false,"footnotes":""},"categories":[45],"tags":[3069,1145,1506,3068,3070,2254,3067,422,1664],"class_list":["post-6149","post","type-post","status-publish","format-standard","has-post-thumbnail","hentry","category-noticias","tag-aram-ortega-es","tag-aubocassa-es-2","tag-consell-de-mallorca-es","tag-cooperativa-de-sant-bartomeu-es","tag-gaspar-barcelo-es","tag-jaume-alzamora-es","tag-soller-es","tag-tafoner-major","tag-treurer-es-2"],"acf":[],"_links":{"self":[{"href":"https:\/\/www.olidemallorca.es\/es\/wp-json\/wp\/v2\/posts\/6149"}],"collection":[{"href":"https:\/\/www.olidemallorca.es\/es\/wp-json\/wp\/v2\/posts"}],"about":[{"href":"https:\/\/www.olidemallorca.es\/es\/wp-json\/wp\/v2\/types\/post"}],"author":[{"embeddable":true,"href":"https:\/\/www.olidemallorca.es\/es\/wp-json\/wp\/v2\/users\/3"}],"replies":[{"embeddable":true,"href":"https:\/\/www.olidemallorca.es\/es\/wp-json\/wp\/v2\/comments?post=6149"}],"version-history":[{"count":2,"href":"https:\/\/www.olidemallorca.es\/es\/wp-json\/wp\/v2\/posts\/6149\/revisions"}],"predecessor-version":[{"id":6151,"href":"https:\/\/www.olidemallorca.es\/es\/wp-json\/wp\/v2\/posts\/6149\/revisions\/6151"}],"wp:featuredmedia":[{"embeddable":true,"href":"https:\/\/www.olidemallorca.es\/es\/wp-json\/wp\/v2\/media\/6144"}],"wp:attachment":[{"href":"https:\/\/www.olidemallorca.es\/es\/wp-json\/wp\/v2\/media?parent=6149"}],"wp:term":[{"taxonomy":"category","embeddable":true,"href":"https:\/\/www.olidemallorca.es\/es\/wp-json\/wp\/v2\/categories?post=6149"},{"taxonomy":"post_tag","embeddable":true,"href":"https:\/\/www.olidemallorca.es\/es\/wp-json\/wp\/v2\/tags?post=6149"}],"curies":[{"name":"wp","href":"https:\/\/api.w.org\/{rel}","templated":true}]}}