{"id":3722,"date":"2016-11-29T10:59:38","date_gmt":"2016-11-29T10:59:38","guid":{"rendered":"http:\/\/www.olidemallorca.es\/las-gracias-2\/"},"modified":"2016-11-29T11:01:36","modified_gmt":"2016-11-29T11:01:36","slug":"las-gracias","status":"publish","type":"post","link":"https:\/\/www.olidemallorca.es\/es\/las-gracias\/","title":{"rendered":"Las Gracias"},"content":{"rendered":"<p>Las Gracias es un peque\u00f1o caf\u00e9 y tienda de productos gourmet donde se puede encontrar una selecci\u00f3n de Oli de Mallorca.<\/p>\n<div>Carrer Santa Eul\u00e0lia, 13<\/div>\n<div>Palma<br \/>\n<a href=\"mailto:tienda@lasgraciastienda.com\">tienda@lasgraciastienda.com<\/a><\/div>\n<p>&nbsp;<\/p>\n<p style=\"text-align: left;\">\u00a0<a href=\"https:\/\/www.olidemallorca.es\/wp-content\/uploads\/2016\/11\/las-gracias.jpg\"><img loading=\"lazy\" decoding=\"async\" class=\"wp-image-3717 alignleft\" src=\"https:\/\/www.olidemallorca.es\/wp-content\/uploads\/2016\/11\/las-gracias.jpg\" width=\"445\" height=\"297\" srcset=\"https:\/\/www.olidemallorca.es\/wp-content\/uploads\/2016\/11\/las-gracias.jpg 850w, https:\/\/www.olidemallorca.es\/wp-content\/uploads\/2016\/11\/las-gracias-300x200.jpg 300w, https:\/\/www.olidemallorca.es\/wp-content\/uploads\/2016\/11\/las-gracias-768x512.jpg 768w, https:\/\/www.olidemallorca.es\/wp-content\/uploads\/2016\/11\/las-gracias-272x182.jpg 272w\" sizes=\"(max-width: 445px) 100vw, 445px\" \/><\/a><\/p>\n","protected":false},"excerpt":{"rendered":"<p>Av. Alexandre Rossell\u00f3, 12 (Palma)<br \/>\nTel\u00e8fon: 971 77 01 77 <\/p>\n","protected":false},"author":3,"featured_media":3717,"comment_status":"closed","ping_status":"open","sticky":false,"template":"","format":"standard","meta":{"_acf_changed":false,"footnotes":""},"categories":[19],"tags":[858,865,80,83,856,860,859,857],"class_list":["post-3722","post","type-post","status-publish","format-standard","has-post-thumbnail","hentry","category-sin-categoria-es","tag-comprar-es","tag-las-gracias-es","tag-oli-es","tag-oli-de-mallorca","tag-oliva-es","tag-palma-es","tag-venda-es","tag-verge-extra-es"],"acf":[],"_links":{"self":[{"href":"https:\/\/www.olidemallorca.es\/es\/wp-json\/wp\/v2\/posts\/3722"}],"collection":[{"href":"https:\/\/www.olidemallorca.es\/es\/wp-json\/wp\/v2\/posts"}],"about":[{"href":"https:\/\/www.olidemallorca.es\/es\/wp-json\/wp\/v2\/types\/post"}],"author":[{"embeddable":true,"href":"https:\/\/www.olidemallorca.es\/es\/wp-json\/wp\/v2\/users\/3"}],"replies":[{"embeddable":true,"href":"https:\/\/www.olidemallorca.es\/es\/wp-json\/wp\/v2\/comments?post=3722"}],"version-history":[{"count":2,"href":"https:\/\/www.olidemallorca.es\/es\/wp-json\/wp\/v2\/posts\/3722\/revisions"}],"predecessor-version":[{"id":3723,"href":"https:\/\/www.olidemallorca.es\/es\/wp-json\/wp\/v2\/posts\/3722\/revisions\/3723"}],"wp:featuredmedia":[{"embeddable":true,"href":"https:\/\/www.olidemallorca.es\/es\/wp-json\/wp\/v2\/media\/3717"}],"wp:attachment":[{"href":"https:\/\/www.olidemallorca.es\/es\/wp-json\/wp\/v2\/media?parent=3722"}],"wp:term":[{"taxonomy":"category","embeddable":true,"href":"https:\/\/www.olidemallorca.es\/es\/wp-json\/wp\/v2\/categories?post=3722"},{"taxonomy":"post_tag","embeddable":true,"href":"https:\/\/www.olidemallorca.es\/es\/wp-json\/wp\/v2\/tags?post=3722"}],"curies":[{"name":"wp","href":"https:\/\/api.w.org\/{rel}","templated":true}]}}