{"id":3223,"date":"2016-08-12T11:33:32","date_gmt":"2016-08-12T11:33:32","guid":{"rendered":"http:\/\/www.olidemallorca.es\/?p=3223"},"modified":"2016-08-12T11:44:37","modified_gmt":"2016-08-12T11:44:37","slug":"los-mallorquines-comemos-pa-amb-oli-al-menos-una-vez-a-la-semana","status":"publish","type":"post","link":"https:\/\/www.olidemallorca.es\/es\/los-mallorquines-comemos-pa-amb-oli-al-menos-una-vez-a-la-semana\/","title":{"rendered":"Los mallorquines comemos pa amb oli al menos, una vez a la semana"},"content":{"rendered":"<p><a href=\"https:\/\/www.olidemallorca.es\/wp-content\/uploads\/2016\/08\/Pa-amb-oli.jpg\"><img loading=\"lazy\" decoding=\"async\" class=\"aligncenter size-large wp-image-3221\" src=\"https:\/\/www.olidemallorca.es\/wp-content\/uploads\/2016\/08\/Pa-amb-oli-1024x814.jpg\" alt=\"Pa amb oli\" width=\"604\" height=\"480\" srcset=\"https:\/\/www.olidemallorca.es\/wp-content\/uploads\/2016\/08\/Pa-amb-oli-1024x814.jpg 1024w, https:\/\/www.olidemallorca.es\/wp-content\/uploads\/2016\/08\/Pa-amb-oli-300x238.jpg 300w\" sizes=\"(max-width: 604px) 100vw, 604px\" \/><\/a><\/p>\n<p>Un 76,0% de los mallorquines incluyen en su dieta semanal el pa amb oli, seg\u00fan un estudio desarrollado por el Institut de Qualitat Alimentaria (IQUA) con la colaboraci\u00f3n de El Corte Ingl\u00e9s y Oli de Mallorca sobre los h\u00e1bitos de consumo sobre este plato tan sencillo como popular.<br \/>\nTanto que, hasta un 59,6% de los mallorquines de adopci\u00f3n encuestados afirman que tambi\u00e9n comen pa amb oli semanalmente.<\/p>\n<p><strong>Qu\u00e9 va primero, \u00bfel tomate o el aceite de oliva?<\/strong>Su sencillez no quita que haya un \u00fanico modo de preparaci\u00f3n. Si bien es cierto que la mayor\u00eda de consumidores empiezan por restregar el tomate para despu\u00e9s regar con el aceite y espolvorear con la sal (61,4%), un 9,7% de los encuestados prefieren poner el aceite sobre el pan en primer lugar seguido por el tomate.<\/p>\n<p><a href=\"https:\/\/www.olidemallorca.es\/wp-content\/uploads\/2016\/08\/Pa-amb-oli-a-hotels_web.jpg\"><img loading=\"lazy\" decoding=\"async\" class=\"aligncenter size-full wp-image-3225\" src=\"https:\/\/www.olidemallorca.es\/wp-content\/uploads\/2016\/08\/Pa-amb-oli-a-hotels_web.jpg\" alt=\"Pa amb oli a hotels\" width=\"448\" height=\"296\" srcset=\"https:\/\/www.olidemallorca.es\/wp-content\/uploads\/2016\/08\/Pa-amb-oli-a-hotels_web.jpg 448w, https:\/\/www.olidemallorca.es\/wp-content\/uploads\/2016\/08\/Pa-amb-oli-a-hotels_web-300x198.jpg 300w\" sizes=\"(max-width: 448px) 100vw, 448px\" \/><\/a><\/p>\n<p><strong>Pa amb oli de Mallorca<\/strong><br \/>\nPrecisamente, desde el mes de junio, la DO Oli de Mallorca ofrece la experiencia de conocer y probar un aut\u00e9ntico pa amb oli con aceite de oliva virgen extra durante el servicio de desayuno de establecimientos hoteleros de categor\u00eda superior (GPRO Valpara\u00edso, Gran Meli\u00e0 Victoria, Hotel Son Vida, Blau Porto Petro, Sensimar Aguait, Som Fona i Be Live Son Antem) con el objetivo de introducir a los visitantes de nuestra Isla en la cultura del aceite de oliva virgen extra mientras se les proporciona un recuerdo gustativo que pueden reproducir ya en su pa\u00eds, de tal manera que recuerden su estancia en Mallorca en cualquier momento.<\/p>\n<p>Para apoyar esta campa\u00f1a, el Consejo Regulador, ha editado un folleto dirigido al consumidor visitante en el que se explican la bondades del aceite de oliva virgen extra as\u00ed como una explicaci\u00f3n paso a paso de c\u00f3mo se prepara el pa amb oli.<\/p>\n<p><a href=\"https:\/\/www.olidemallorca.es\/wp-content\/uploads\/2016\/08\/do_oli_postal_de_2-1_web.jpg\"><img loading=\"lazy\" decoding=\"async\" class=\"aligncenter size-full wp-image-3226\" src=\"https:\/\/www.olidemallorca.es\/wp-content\/uploads\/2016\/08\/do_oli_postal_de_2-1_web.jpg\" alt=\"pa amb oli pas a pas\" width=\"686\" height=\"1024\" srcset=\"https:\/\/www.olidemallorca.es\/wp-content\/uploads\/2016\/08\/do_oli_postal_de_2-1_web.jpg 686w, https:\/\/www.olidemallorca.es\/wp-content\/uploads\/2016\/08\/do_oli_postal_de_2-1_web-200x300.jpg 200w\" sizes=\"(max-width: 686px) 100vw, 686px\" \/><\/a><\/p>\n","protected":false},"excerpt":{"rendered":"<p>Un 76,0% de los mallorquines incluyen en su dieta semanal el pa amb oli, seg\u00fan un estudio desarrollado por el Institut de Qualitat Alimentaria (IQUA) con la colaboraci\u00f3n de El Corte Ingl\u00e9s y Oli de Mallorca sobre los h\u00e1bitos de consumo sobre este plato tan sencillo como popular. Tanto que, hasta un 59,6% de los [&hellip;]<\/p>\n","protected":false},"author":3,"featured_media":0,"comment_status":"closed","ping_status":"open","sticky":false,"template":"","format":"standard","meta":{"_acf_changed":false,"footnotes":""},"categories":[45,19],"tags":[666,670,301,664,302,303,665,663,668,465,83,446,669,304,309,667],"class_list":["post-3223","post","type-post","status-publish","format-standard","hentry","category-noticias","category-sin-categoria-es","tag-be-live-son-antem","tag-berenars","tag-berenars-amb-oli-de-mallorca-es","tag-consumo","tag-desayunos-con-oli-de-mallorca-es","tag-gpro-valparaiso-es","tag-gran-melia-victoria","tag-habito","tag-hotel-son-vida","tag-iqua","tag-oli-de-mallorca","tag-pa-amb-oli-es","tag-paso-a-paso","tag-puravida-blau-portopetro-es","tag-sensimar-aguait-es","tag-som-fona"],"acf":[],"_links":{"self":[{"href":"https:\/\/www.olidemallorca.es\/es\/wp-json\/wp\/v2\/posts\/3223"}],"collection":[{"href":"https:\/\/www.olidemallorca.es\/es\/wp-json\/wp\/v2\/posts"}],"about":[{"href":"https:\/\/www.olidemallorca.es\/es\/wp-json\/wp\/v2\/types\/post"}],"author":[{"embeddable":true,"href":"https:\/\/www.olidemallorca.es\/es\/wp-json\/wp\/v2\/users\/3"}],"replies":[{"embeddable":true,"href":"https:\/\/www.olidemallorca.es\/es\/wp-json\/wp\/v2\/comments?post=3223"}],"version-history":[{"count":3,"href":"https:\/\/www.olidemallorca.es\/es\/wp-json\/wp\/v2\/posts\/3223\/revisions"}],"predecessor-version":[{"id":3230,"href":"https:\/\/www.olidemallorca.es\/es\/wp-json\/wp\/v2\/posts\/3223\/revisions\/3230"}],"wp:attachment":[{"href":"https:\/\/www.olidemallorca.es\/es\/wp-json\/wp\/v2\/media?parent=3223"}],"wp:term":[{"taxonomy":"category","embeddable":true,"href":"https:\/\/www.olidemallorca.es\/es\/wp-json\/wp\/v2\/categories?post=3223"},{"taxonomy":"post_tag","embeddable":true,"href":"https:\/\/www.olidemallorca.es\/es\/wp-json\/wp\/v2\/tags?post=3223"}],"curies":[{"name":"wp","href":"https:\/\/api.w.org\/{rel}","templated":true}]}}