{"id":13631,"date":"2026-04-30T09:46:42","date_gmt":"2026-04-30T09:46:42","guid":{"rendered":"https:\/\/www.olidemallorca.es\/?p=13631"},"modified":"2026-04-30T09:46:43","modified_gmt":"2026-04-30T09:46:43","slug":"os-esperamos-en-la-fira-de-loli-de-mallorca","status":"publish","type":"post","link":"https:\/\/www.olidemallorca.es\/es\/os-esperamos-en-la-fira-de-loli-de-mallorca\/","title":{"rendered":"\u00a1Os esperamos en la Fira de l&#8217;Oli de Mallorca!"},"content":{"rendered":"\n<p>Despu\u00e9s de la pausa del a\u00f1o pasado, el pr\u00f3ximo d\u00eda 9 de mayo la Fira de l&#8217;Oli de Mallorca vuelve a Palma con un nuevo emplazamiento como principal novedad.<\/p>\n\n\n\n<p>As\u00ed, la cita ser\u00e1 en el Passeig del Born, lugar en el que se reunir\u00e1n los productores de la DO Oli de Mallorca con una oleoteca ef\u00edmera en la que se podr\u00e1 encontrar un amplio abanico de referencias de  Aceite de Oliva Virgen Extra de calidad diferenciada. <\/p>\n\n\n\n<figure class=\"wp-block-image size-large\"><a href=\"https:\/\/www.olidemallorca.es\/wp-content\/uploads\/2026\/04\/20220430_103711-scaled.jpg\"><img loading=\"lazy\" decoding=\"async\" width=\"1024\" height=\"576\" src=\"https:\/\/www.olidemallorca.es\/wp-content\/uploads\/2026\/04\/20220430_103711-1024x576.jpg\" alt=\"\" class=\"wp-image-13611\" srcset=\"https:\/\/www.olidemallorca.es\/wp-content\/uploads\/2026\/04\/20220430_103711-1024x576.jpg 1024w, https:\/\/www.olidemallorca.es\/wp-content\/uploads\/2026\/04\/20220430_103711-300x169.jpg 300w, https:\/\/www.olidemallorca.es\/wp-content\/uploads\/2026\/04\/20220430_103711-768x432.jpg 768w, https:\/\/www.olidemallorca.es\/wp-content\/uploads\/2026\/04\/20220430_103711-1536x864.jpg 1536w, https:\/\/www.olidemallorca.es\/wp-content\/uploads\/2026\/04\/20220430_103711-2048x1152.jpg 2048w\" sizes=\"(max-width: 1024px) 100vw, 1024px\" \/><\/a><\/figure>\n\n\n\n<p>A pesar de que el producto estrella ser\u00e1n los zumos de aceituna amparados bajo el sello, en el peque\u00f1o mercado tambi\u00e9n se ofrecer\u00e1n otros productos como los elaborados a partir de los propios aceites de oliva de producci\u00f3n local, los vinculados al olivar -como las aceitunas de mesa o la cerveza artesana confeccionada con hojas de olivo-, as\u00ed como otras especialidades como ser\u00edan las confituras, vinos o embutidos.<\/p>\n\n\n\n<p>As\u00ed mismo, la Fira de l&#8217;Oli de Mallorca contar\u00e1 tambi\u00e9n con una librer\u00eda que reunir\u00e1 t\u00edtulos de tem\u00e1tica gastron\u00f3mica y relacionada con el paisaje oliv\u00edcola de la Isla de las editoriales Lleonard Muntaner y El Gall. <\/p>\n\n\n\n<figure class=\"wp-block-gallery has-nested-images columns-default is-cropped wp-block-gallery-1 is-layout-flex wp-block-gallery-is-layout-flex\">\n<figure class=\"wp-block-image size-large\"><a href=\"https:\/\/www.olidemallorca.es\/wp-content\/uploads\/2026\/04\/Screenshot_20250115-115510_Gallery.jpg\"><img loading=\"lazy\" decoding=\"async\" width=\"930\" height=\"1024\" data-id=\"13616\" src=\"https:\/\/www.olidemallorca.es\/wp-content\/uploads\/2026\/04\/Screenshot_20250115-115510_Gallery-930x1024.jpg\" alt=\"\" class=\"wp-image-13616\" srcset=\"https:\/\/www.olidemallorca.es\/wp-content\/uploads\/2026\/04\/Screenshot_20250115-115510_Gallery-930x1024.jpg 930w, https:\/\/www.olidemallorca.es\/wp-content\/uploads\/2026\/04\/Screenshot_20250115-115510_Gallery-272x300.jpg 272w, https:\/\/www.olidemallorca.es\/wp-content\/uploads\/2026\/04\/Screenshot_20250115-115510_Gallery-768x846.jpg 768w, https:\/\/www.olidemallorca.es\/wp-content\/uploads\/2026\/04\/Screenshot_20250115-115510_Gallery.jpg 1080w\" sizes=\"(max-width: 930px) 100vw, 930px\" \/><\/a><\/figure>\n\n\n\n<figure class=\"wp-block-image size-large\"><a href=\"https:\/\/www.olidemallorca.es\/wp-content\/uploads\/2026\/04\/Screenshot-2026-04-29-at-15-14-42-Formats-de-joc-Ludoteca-de-Jardi\u00ad.png\"><img loading=\"lazy\" decoding=\"async\" width=\"1024\" height=\"685\" data-id=\"13621\" src=\"https:\/\/www.olidemallorca.es\/wp-content\/uploads\/2026\/04\/Screenshot-2026-04-29-at-15-14-42-Formats-de-joc-Ludoteca-de-Jardi\u00ad-1024x685.png\" alt=\"\" class=\"wp-image-13621\" srcset=\"https:\/\/www.olidemallorca.es\/wp-content\/uploads\/2026\/04\/Screenshot-2026-04-29-at-15-14-42-Formats-de-joc-Ludoteca-de-Jardi\u00ad-1024x685.png 1024w, https:\/\/www.olidemallorca.es\/wp-content\/uploads\/2026\/04\/Screenshot-2026-04-29-at-15-14-42-Formats-de-joc-Ludoteca-de-Jardi\u00ad-300x201.png 300w, https:\/\/www.olidemallorca.es\/wp-content\/uploads\/2026\/04\/Screenshot-2026-04-29-at-15-14-42-Formats-de-joc-Ludoteca-de-Jardi\u00ad-768x514.png 768w, https:\/\/www.olidemallorca.es\/wp-content\/uploads\/2026\/04\/Screenshot-2026-04-29-at-15-14-42-Formats-de-joc-Ludoteca-de-Jardi\u00ad.png 1261w\" sizes=\"(max-width: 1024px) 100vw, 1024px\" \/><\/a><\/figure>\n<\/figure>\n\n\n\n<figure class=\"wp-block-gallery has-nested-images columns-default is-cropped wp-block-gallery-2 is-layout-flex wp-block-gallery-is-layout-flex\"><\/figure>\n\n\n\n<p>Por si no fuera poco, la feria dispondr\u00e1 de un espacio de juegos con Ludoteca de Jard\u00ed ideal para disfrutar en familia, as\u00ed como de la m\u00fasica de Monkey Doo en formato marching band.<\/p>\n\n\n\n<p>FIRA DE L&#8217;OLI DE MALLORCA 2026<\/p>\n\n\n\n<p>D\u00eda: <strong>9 de mayo 2026<\/strong><\/p>\n\n\n\n<p>Horario: <strong>10h-15h<\/strong><\/p>\n\n\n\n<p>Lugar: <strong>Passeig del Born <\/strong>(tramo entre carrer Constituci\u00f3 y P\u00e7a. de la Reina)<\/p>\n\n\n\n<p>El evento cuenta con la colaboraci\u00f3n del Ajuntament de Palma y el apoyo de fondo FEADER.<\/p>\n","protected":false},"excerpt":{"rendered":"<p>Despu\u00e9s de la pausa del a\u00f1o pasado, el pr\u00f3ximo d\u00eda 9 de mayo la Fira de l&#8217;Oli de Mallorca vuelve a Palma con un nuevo emplazamiento como principal novedad. As\u00ed, la cita ser\u00e1 en el Passeig del Born, lugar en el que se reunir\u00e1n los productores de la DO Oli de Mallorca con una oleoteca [&hellip;]<\/p>\n","protected":false},"author":3,"featured_media":13610,"comment_status":"closed","ping_status":"open","sticky":false,"template":"","format":"standard","meta":{"_acf_changed":false,"footnotes":""},"categories":[45],"tags":[657,2946,1145,421,3972,4121,2945,4122,3884,903,1289,3087,1195,3988,1667,511,1664,504],"class_list":["post-13631","post","type-post","status-publish","format-standard","has-post-thumbnail","hentry","category-noticias","tag-aceite-de-oliva-virgen-extra","tag-ajuntament-de-palma-es","tag-aubocassa-es-2","tag-aubocassa-es","tag-can-blai-es","tag-el-gall-es","tag-fira-de-loli-es","tag-karretania-es","tag-lleonard-muntaner-editor","tag-oli-doliva-verge-extra-es","tag-oli-solivellas","tag-oli-son-matge-es","tag-oli-verderol","tag-oliuga-es","tag-son-catiu-es-2","tag-son-catiu-es","tag-treurer-es-2","tag-treurer-es"],"acf":[],"_links":{"self":[{"href":"https:\/\/www.olidemallorca.es\/es\/wp-json\/wp\/v2\/posts\/13631"}],"collection":[{"href":"https:\/\/www.olidemallorca.es\/es\/wp-json\/wp\/v2\/posts"}],"about":[{"href":"https:\/\/www.olidemallorca.es\/es\/wp-json\/wp\/v2\/types\/post"}],"author":[{"embeddable":true,"href":"https:\/\/www.olidemallorca.es\/es\/wp-json\/wp\/v2\/users\/3"}],"replies":[{"embeddable":true,"href":"https:\/\/www.olidemallorca.es\/es\/wp-json\/wp\/v2\/comments?post=13631"}],"version-history":[{"count":2,"href":"https:\/\/www.olidemallorca.es\/es\/wp-json\/wp\/v2\/posts\/13631\/revisions"}],"predecessor-version":[{"id":13637,"href":"https:\/\/www.olidemallorca.es\/es\/wp-json\/wp\/v2\/posts\/13631\/revisions\/13637"}],"wp:featuredmedia":[{"embeddable":true,"href":"https:\/\/www.olidemallorca.es\/es\/wp-json\/wp\/v2\/media\/13610"}],"wp:attachment":[{"href":"https:\/\/www.olidemallorca.es\/es\/wp-json\/wp\/v2\/media?parent=13631"}],"wp:term":[{"taxonomy":"category","embeddable":true,"href":"https:\/\/www.olidemallorca.es\/es\/wp-json\/wp\/v2\/categories?post=13631"},{"taxonomy":"post_tag","embeddable":true,"href":"https:\/\/www.olidemallorca.es\/es\/wp-json\/wp\/v2\/tags?post=13631"}],"curies":[{"name":"wp","href":"https:\/\/api.w.org\/{rel}","templated":true}]}}