{"id":13380,"date":"2026-03-16T08:53:17","date_gmt":"2026-03-16T08:53:17","guid":{"rendered":"https:\/\/www.olidemallorca.es\/el-doctor-miguel-fiol-carme-garau-antoni-calafell-i-treurer-reconeguts-a-la-reunio-anual-dinscrits\/"},"modified":"2026-03-16T09:09:01","modified_gmt":"2026-03-16T09:09:01","slug":"el-doctor-miguel-fiol-carme-garau-antoni-calafell-i-treurer-reconeguts-a-la-reunio-anual-dinscrits","status":"publish","type":"post","link":"https:\/\/www.olidemallorca.es\/es\/el-doctor-miguel-fiol-carme-garau-antoni-calafell-i-treurer-reconeguts-a-la-reunio-anual-dinscrits\/","title":{"rendered":"El doctor Miguel Fiol, Carme Garau, Antoni Calafell y Treurer, reconocidos en la reuni\u00f3n anual de inscritos\u00a0\u00a0"},"content":{"rendered":"\n<p>gen Extra han sido dos de los temas que se&nbsp;han&nbsp;expuesto&nbsp;en la Reuni\u00f3n Anual de inscritos&nbsp;de&nbsp;la&nbsp;Denominaci\u00f3n de Origen Oli de Mallorca&nbsp;que ha tenido lugar esta ma\u00f1ana en Algaida.<\/p>\n\n\n\n<p>En la&nbsp;cita, que ha contado a la que ha asistido el director general de&nbsp;Qualitat&nbsp;Agroaliment\u00e0ria&nbsp;i&nbsp;Producte&nbsp;Local, Joan Llabr\u00e9s,&nbsp;el consejo regulador&nbsp;ha querido&nbsp;poner&nbsp;tambi\u00e9n&nbsp;en valor el trabajo de los investigadores Miguel Fiol y Carme&nbsp;Garau, as\u00ed como de Treurer&nbsp;y de Antoni Calafell en su vertiente&nbsp;como&nbsp;joven agricultor,&nbsp;pero tambi\u00e9n&nbsp;en lo que se refiere a su tarea como investigador.<\/p>\n\n\n\n<figure class=\"wp-block-gallery has-nested-images columns-default is-cropped wp-block-gallery-1 is-layout-flex wp-block-gallery-is-layout-flex\">\n<figure class=\"wp-block-image size-large\"><a href=\"https:\/\/www.olidemallorca.es\/wp-content\/uploads\/2026\/03\/Reunio-anual-2026-5-scaled.jpg\"><img loading=\"lazy\" decoding=\"async\" width=\"1024\" height=\"768\" data-id=\"13341\" src=\"https:\/\/www.olidemallorca.es\/wp-content\/uploads\/2026\/03\/Reunio-anual-2026-5-1024x768.jpg\" alt=\"\" class=\"wp-image-13341\" srcset=\"https:\/\/www.olidemallorca.es\/wp-content\/uploads\/2026\/03\/Reunio-anual-2026-5-1024x768.jpg 1024w, https:\/\/www.olidemallorca.es\/wp-content\/uploads\/2026\/03\/Reunio-anual-2026-5-300x225.jpg 300w, https:\/\/www.olidemallorca.es\/wp-content\/uploads\/2026\/03\/Reunio-anual-2026-5-768x576.jpg 768w, https:\/\/www.olidemallorca.es\/wp-content\/uploads\/2026\/03\/Reunio-anual-2026-5-1536x1152.jpg 1536w, https:\/\/www.olidemallorca.es\/wp-content\/uploads\/2026\/03\/Reunio-anual-2026-5-2048x1536.jpg 2048w\" sizes=\"(max-width: 1024px) 100vw, 1024px\" \/><\/a><\/figure>\n\n\n\n<figure class=\"wp-block-image size-large\"><a href=\"https:\/\/www.olidemallorca.es\/wp-content\/uploads\/2026\/03\/reunio-anual-2026-6-scaled.jpg\"><img loading=\"lazy\" decoding=\"async\" width=\"1024\" height=\"768\" data-id=\"13336\" src=\"https:\/\/www.olidemallorca.es\/wp-content\/uploads\/2026\/03\/reunio-anual-2026-6-1024x768.jpg\" alt=\"\" class=\"wp-image-13336\" srcset=\"https:\/\/www.olidemallorca.es\/wp-content\/uploads\/2026\/03\/reunio-anual-2026-6-1024x768.jpg 1024w, https:\/\/www.olidemallorca.es\/wp-content\/uploads\/2026\/03\/reunio-anual-2026-6-300x225.jpg 300w, https:\/\/www.olidemallorca.es\/wp-content\/uploads\/2026\/03\/reunio-anual-2026-6-768x576.jpg 768w, https:\/\/www.olidemallorca.es\/wp-content\/uploads\/2026\/03\/reunio-anual-2026-6-1536x1152.jpg 1536w, https:\/\/www.olidemallorca.es\/wp-content\/uploads\/2026\/03\/reunio-anual-2026-6-2048x1536.jpg 2048w\" sizes=\"(max-width: 1024px) 100vw, 1024px\" \/><\/a><\/figure>\n\n\n\n<figure class=\"wp-block-image size-large\"><a href=\"https:\/\/www.olidemallorca.es\/wp-content\/uploads\/2026\/03\/reunio-anual-2026-7-scaled.jpg\"><img loading=\"lazy\" decoding=\"async\" width=\"1024\" height=\"768\" data-id=\"13346\" src=\"https:\/\/www.olidemallorca.es\/wp-content\/uploads\/2026\/03\/reunio-anual-2026-7-1024x768.jpg\" alt=\"\" class=\"wp-image-13346\" srcset=\"https:\/\/www.olidemallorca.es\/wp-content\/uploads\/2026\/03\/reunio-anual-2026-7-1024x768.jpg 1024w, https:\/\/www.olidemallorca.es\/wp-content\/uploads\/2026\/03\/reunio-anual-2026-7-300x225.jpg 300w, https:\/\/www.olidemallorca.es\/wp-content\/uploads\/2026\/03\/reunio-anual-2026-7-768x576.jpg 768w, https:\/\/www.olidemallorca.es\/wp-content\/uploads\/2026\/03\/reunio-anual-2026-7-1536x1152.jpg 1536w, https:\/\/www.olidemallorca.es\/wp-content\/uploads\/2026\/03\/reunio-anual-2026-7-2048x1536.jpg 2048w\" sizes=\"(max-width: 1024px) 100vw, 1024px\" \/><\/a><\/figure>\n<\/figure>\n\n\n\n<p>Ha sido precisamente&nbsp;Calafell el&nbsp;encargado&nbsp;de ofrecer a&nbsp;los&nbsp;que han participado en la&nbsp;jornada algunas de las conclusiones&nbsp;del&nbsp;trabajo de&nbsp;prospecci\u00f3n&nbsp;que viene realizando&nbsp;para la&nbsp;localizaci\u00f3n e&nbsp;identificaci\u00f3n&nbsp;de&nbsp;variedades locales de olivo en la isla.&nbsp;<\/p>\n\n\n\n<figure class=\"wp-block-gallery has-nested-images columns-default is-cropped wp-block-gallery-2 is-layout-flex wp-block-gallery-is-layout-flex\">\n<figure class=\"wp-block-image size-large\"><a href=\"https:\/\/www.olidemallorca.es\/wp-content\/uploads\/2026\/03\/Jornada-Anual-2026-2-scaled.jpg\"><img loading=\"lazy\" decoding=\"async\" width=\"1024\" height=\"768\" data-id=\"13366\" src=\"https:\/\/www.olidemallorca.es\/wp-content\/uploads\/2026\/03\/Jornada-Anual-2026-2-1024x768.jpg\" alt=\"\" class=\"wp-image-13366\" srcset=\"https:\/\/www.olidemallorca.es\/wp-content\/uploads\/2026\/03\/Jornada-Anual-2026-2-1024x768.jpg 1024w, https:\/\/www.olidemallorca.es\/wp-content\/uploads\/2026\/03\/Jornada-Anual-2026-2-300x225.jpg 300w, https:\/\/www.olidemallorca.es\/wp-content\/uploads\/2026\/03\/Jornada-Anual-2026-2-768x576.jpg 768w, https:\/\/www.olidemallorca.es\/wp-content\/uploads\/2026\/03\/Jornada-Anual-2026-2-1536x1152.jpg 1536w, https:\/\/www.olidemallorca.es\/wp-content\/uploads\/2026\/03\/Jornada-Anual-2026-2-2048x1536.jpg 2048w\" sizes=\"(max-width: 1024px) 100vw, 1024px\" \/><\/a><\/figure>\n\n\n\n<figure class=\"wp-block-image size-large\"><a href=\"https:\/\/www.olidemallorca.es\/wp-content\/uploads\/2026\/03\/reunio-anual-8.jpeg\"><img loading=\"lazy\" decoding=\"async\" width=\"1024\" height=\"768\" data-id=\"13351\" src=\"https:\/\/www.olidemallorca.es\/wp-content\/uploads\/2026\/03\/reunio-anual-8-1024x768.jpeg\" alt=\"\" class=\"wp-image-13351\" srcset=\"https:\/\/www.olidemallorca.es\/wp-content\/uploads\/2026\/03\/reunio-anual-8-1024x768.jpeg 1024w, https:\/\/www.olidemallorca.es\/wp-content\/uploads\/2026\/03\/reunio-anual-8-300x225.jpeg 300w, https:\/\/www.olidemallorca.es\/wp-content\/uploads\/2026\/03\/reunio-anual-8-768x576.jpeg 768w, https:\/\/www.olidemallorca.es\/wp-content\/uploads\/2026\/03\/reunio-anual-8-1536x1152.jpeg 1536w, https:\/\/www.olidemallorca.es\/wp-content\/uploads\/2026\/03\/reunio-anual-8.jpeg 1600w\" sizes=\"(max-width: 1024px) 100vw, 1024px\" \/><\/a><\/figure>\n\n\n\n<figure class=\"wp-block-image size-large\"><a href=\"https:\/\/www.olidemallorca.es\/wp-content\/uploads\/2026\/03\/Reunio-anual-2026-3-scaled.jpg\"><img loading=\"lazy\" decoding=\"async\" width=\"1024\" height=\"768\" data-id=\"13356\" src=\"https:\/\/www.olidemallorca.es\/wp-content\/uploads\/2026\/03\/Reunio-anual-2026-3-1024x768.jpg\" alt=\"\" class=\"wp-image-13356\" srcset=\"https:\/\/www.olidemallorca.es\/wp-content\/uploads\/2026\/03\/Reunio-anual-2026-3-1024x768.jpg 1024w, https:\/\/www.olidemallorca.es\/wp-content\/uploads\/2026\/03\/Reunio-anual-2026-3-300x225.jpg 300w, https:\/\/www.olidemallorca.es\/wp-content\/uploads\/2026\/03\/Reunio-anual-2026-3-768x576.jpg 768w, https:\/\/www.olidemallorca.es\/wp-content\/uploads\/2026\/03\/Reunio-anual-2026-3-1536x1152.jpg 1536w, https:\/\/www.olidemallorca.es\/wp-content\/uploads\/2026\/03\/Reunio-anual-2026-3-2048x1536.jpg 2048w\" sizes=\"(max-width: 1024px) 100vw, 1024px\" \/><\/a><\/figure>\n\n\n\n<figure class=\"wp-block-image size-large\"><a href=\"https:\/\/www.olidemallorca.es\/wp-content\/uploads\/2026\/03\/Reunio-anual-2026-4-scaled.jpg\"><img loading=\"lazy\" decoding=\"async\" width=\"1024\" height=\"768\" data-id=\"13361\" src=\"https:\/\/www.olidemallorca.es\/wp-content\/uploads\/2026\/03\/Reunio-anual-2026-4-1024x768.jpg\" alt=\"\" class=\"wp-image-13361\" srcset=\"https:\/\/www.olidemallorca.es\/wp-content\/uploads\/2026\/03\/Reunio-anual-2026-4-1024x768.jpg 1024w, https:\/\/www.olidemallorca.es\/wp-content\/uploads\/2026\/03\/Reunio-anual-2026-4-300x225.jpg 300w, https:\/\/www.olidemallorca.es\/wp-content\/uploads\/2026\/03\/Reunio-anual-2026-4-768x576.jpg 768w, https:\/\/www.olidemallorca.es\/wp-content\/uploads\/2026\/03\/Reunio-anual-2026-4-1536x1152.jpg 1536w, https:\/\/www.olidemallorca.es\/wp-content\/uploads\/2026\/03\/Reunio-anual-2026-4-2048x1536.jpg 2048w\" sizes=\"(max-width: 1024px) 100vw, 1024px\" \/><\/a><\/figure>\n\n\n\n<figure class=\"wp-block-image size-large\"><a href=\"https:\/\/www.olidemallorca.es\/wp-content\/uploads\/2026\/03\/Reunio-Anual-2026-scaled.jpg\"><img loading=\"lazy\" decoding=\"async\" width=\"1024\" height=\"768\" data-id=\"13371\" src=\"https:\/\/www.olidemallorca.es\/wp-content\/uploads\/2026\/03\/Reunio-Anual-2026-1024x768.jpg\" alt=\"\" class=\"wp-image-13371\" srcset=\"https:\/\/www.olidemallorca.es\/wp-content\/uploads\/2026\/03\/Reunio-Anual-2026-1024x768.jpg 1024w, https:\/\/www.olidemallorca.es\/wp-content\/uploads\/2026\/03\/Reunio-Anual-2026-300x225.jpg 300w, https:\/\/www.olidemallorca.es\/wp-content\/uploads\/2026\/03\/Reunio-Anual-2026-768x576.jpg 768w, https:\/\/www.olidemallorca.es\/wp-content\/uploads\/2026\/03\/Reunio-Anual-2026-1536x1152.jpg 1536w, https:\/\/www.olidemallorca.es\/wp-content\/uploads\/2026\/03\/Reunio-Anual-2026-2048x1536.jpg 2048w\" sizes=\"(max-width: 1024px) 100vw, 1024px\" \/><\/a><\/figure>\n<\/figure>\n\n\n\n<p>As\u00ed mismo,&nbsp;el&nbsp;doctor&nbsp;Miguel Fiol&nbsp;que entre otros forma parte del grupo de investigaci\u00f3n NUTRECOR del&nbsp;IdISBa,&nbsp;ha expuesto&nbsp;las&nbsp;nuevas evidencias&nbsp;que ha&nbsp;arrojado&nbsp;el&nbsp;estudio de \u00e1mbito estatal&nbsp;en el que ha participado&nbsp;(cuyos resultados ha publicado la revista American Heart&nbsp;Journal)&nbsp;y del que&nbsp;se&nbsp;puede extraer&nbsp;que&nbsp;un alto consumo de&nbsp;Aceite de Oliva Virgen Extra&nbsp;se podr\u00eda asociar a una&nbsp;reducci\u00f3n del riesgo cardiovascular,&nbsp;a diferencia del&nbsp;aceite de oliva com\u00fan,&nbsp;que&nbsp;no&nbsp;habr\u00eda&nbsp;mostrado&nbsp;asociaciones beneficiosas significativas,&nbsp;quiz\u00e1s debido a&nbsp;la menor presencia de polifenoles&nbsp;y otros compuestos bioactivos presentes&nbsp;en cambio&nbsp;en el Virgen Extra.<\/p>\n\n\n\n<p>Este trabajo,&nbsp;as\u00ed como&nbsp;por&nbsp;todo&nbsp;el&nbsp;que ha&nbsp;desarrollado durante a\u00f1os como investigador principal en las Illes Balears del proyecto estatal PREDIMED han sido fundamentales para difundir las propiedades saludables del Aceite de Oliva Virgen Extra, es el motivo por el que el consejo regulador ha estimado oportuno que el doctor Miguel Fiol&nbsp;fuera una de las personas a reconocer este a\u00f1o junto a la jefa de&nbsp;Producci\u00f3&nbsp;Vegetal del&nbsp;Institut&nbsp;de Recerca i&nbsp;Formaci\u00f3&nbsp;Agroaliment\u00e0ria&nbsp;i Pesquera de les Illes Balears, Carme&nbsp;Garau,&nbsp;y&nbsp;Antoni Calafell.<\/p>\n\n\n\n<p>La&nbsp;entidad no ha querido dejar de poner en valor&nbsp;la visibilidad&nbsp;que ofrece para el distintivo la presencia&nbsp;de marcas amparadas por el distintivo en concursos y cert\u00e1menes internacionales, de ah\u00ed que haya reconocido tambi\u00e9n a&nbsp;Treurer&nbsp;tras lograr la medalla de oro en&nbsp;la&nbsp;New York International&nbsp;Olive&nbsp;Oil&nbsp;Competition,&nbsp;Olive&nbsp;Japan&nbsp;International Extra&nbsp;Virgin&nbsp;Olive&nbsp;Oil&nbsp;Competition,&nbsp;Los Angeles International Extra&nbsp;Virgin&nbsp;Olive&nbsp;Oil&nbsp;Competition,&nbsp;London&nbsp;International&nbsp;Olive&nbsp;Oil&nbsp;Competition&nbsp;y en la&nbsp;Berlin Global&nbsp;Olive&nbsp;Oil&nbsp;Awards.<\/p>\n\n\n\n<p><\/p>\n","protected":false},"excerpt":{"rendered":"<p>gen Extra han sido dos de los temas que se&nbsp;han&nbsp;expuesto&nbsp;en la Reuni\u00f3n Anual de inscritos&nbsp;de&nbsp;la&nbsp;Denominaci\u00f3n de Origen Oli de Mallorca&nbsp;que ha tenido lugar esta ma\u00f1ana en Algaida. En la&nbsp;cita, que ha contado a la que ha asistido el director general de&nbsp;Qualitat&nbsp;Agroaliment\u00e0ria&nbsp;i&nbsp;Producte&nbsp;Local, Joan Llabr\u00e9s,&nbsp;el consejo regulador&nbsp;ha querido&nbsp;poner&nbsp;tambi\u00e9n&nbsp;en valor el trabajo de los investigadores Miguel Fiol y [&hellip;]<\/p>\n","protected":false},"author":3,"featured_media":13350,"comment_status":"closed","ping_status":"open","sticky":false,"template":"","format":"standard","meta":{"_acf_changed":false,"footnotes":""},"categories":[45],"tags":[4033,4034,4035,4036,3864,3301,3724,4037,4038,1507,4039,1664,4040],"class_list":["post-13380","post","type-post","status-publish","format-standard","has-post-thumbnail","hentry","category-noticias","tag-antoni-calafell-es","tag-carme-garau-es","tag-dg-qualitat-agroalimentaria-i-producte-local-es","tag-do-oli-de-mallorca-es","tag-idisba-es","tag-irfap-es","tag-joan-llabres-es","tag-miguel-fiol-es","tag-nutrescore-es","tag-predimed-es","tag-propietats-saludables-oli-doliva-verge-extra-es","tag-treurer-es-2","tag-varietats-locals-dolivera-es"],"acf":[],"_links":{"self":[{"href":"https:\/\/www.olidemallorca.es\/es\/wp-json\/wp\/v2\/posts\/13380"}],"collection":[{"href":"https:\/\/www.olidemallorca.es\/es\/wp-json\/wp\/v2\/posts"}],"about":[{"href":"https:\/\/www.olidemallorca.es\/es\/wp-json\/wp\/v2\/types\/post"}],"author":[{"embeddable":true,"href":"https:\/\/www.olidemallorca.es\/es\/wp-json\/wp\/v2\/users\/3"}],"replies":[{"embeddable":true,"href":"https:\/\/www.olidemallorca.es\/es\/wp-json\/wp\/v2\/comments?post=13380"}],"version-history":[{"count":2,"href":"https:\/\/www.olidemallorca.es\/es\/wp-json\/wp\/v2\/posts\/13380\/revisions"}],"predecessor-version":[{"id":13386,"href":"https:\/\/www.olidemallorca.es\/es\/wp-json\/wp\/v2\/posts\/13380\/revisions\/13386"}],"wp:featuredmedia":[{"embeddable":true,"href":"https:\/\/www.olidemallorca.es\/es\/wp-json\/wp\/v2\/media\/13350"}],"wp:attachment":[{"href":"https:\/\/www.olidemallorca.es\/es\/wp-json\/wp\/v2\/media?parent=13380"}],"wp:term":[{"taxonomy":"category","embeddable":true,"href":"https:\/\/www.olidemallorca.es\/es\/wp-json\/wp\/v2\/categories?post=13380"},{"taxonomy":"post_tag","embeddable":true,"href":"https:\/\/www.olidemallorca.es\/es\/wp-json\/wp\/v2\/tags?post=13380"}],"curies":[{"name":"wp","href":"https:\/\/api.w.org\/{rel}","templated":true}]}}