{"id":1337,"date":"2014-02-20T12:59:15","date_gmt":"2014-02-20T12:59:15","guid":{"rendered":"http:\/\/www.olidemallorca.es\/muleta-de-ca-shereu-2\/"},"modified":"2014-08-20T22:13:20","modified_gmt":"2014-08-20T22:13:20","slug":"muleta-de-ca-shereu","status":"publish","type":"post","link":"https:\/\/www.olidemallorca.es\/es\/muleta-de-ca-shereu\/","title":{"rendered":"Muleta de Ca s&#8217;Hereu"},"content":{"rendered":"<p>Posesi\u00f3n de monta\u00f1a, actualmente reconvertida en agroturismo, que hasta hace unas pocas d\u00e8cadas se dedicaba a la elaboraci\u00f3n de aceite de oliva. En ella, podemos saborear recetas tradicionales de la cocina mallorquina, guisadas con aceite\u00a0de Mallorca; pasear por el olivar que rodea el predio, y admirar el buen estado de conservaci\u00f3n de su almazara.<\/p>\n<p><b>Direcci\u00f3n<\/b>: Camp de la Mar, s\/n (platja d&#8217;en Repic) &#8211; 07108 Port de S\u00f3ller<br \/>\n<b>Municipio<\/b>: S\u00f3ller<br \/>\n<b>Tel\u00e9fono<\/b>: 971 186 018<br \/>\n<b>Fax<\/b>: 971 186 048<br \/>\n<a href=\"mailto:francisca@muletadecashereu.com\">francisca@muletadecashereu.es<\/a><br \/>\n<a href=\"http:\/\/www.muletadecashereu.com\" target=\"_blank\">www.muletadecashereu.es<\/a><br \/>\n[portfolio_slideshow id=283]<\/p>\n","protected":false},"excerpt":{"rendered":"<p>Posesi\u00f3n de monta\u00f1a, actualmente reconvertida en agroturismo, que hasta hace unas pocas d\u00e8cadas se dedicaba a la elaboraci\u00f3n de aceite de oliva. En ella, podemos saborear recetas tradicionales de la cocina mallorquina, guisadas con aceite de Mallorca; pasear por el olivar que rodea el predio, y admirar el buen estado de conservaci\u00f3n de su almazara.<\/p>\n","protected":false},"author":1,"featured_media":287,"comment_status":"closed","ping_status":"open","sticky":false,"template":"","format":"standard","meta":{"_acf_changed":false,"footnotes":""},"categories":[41],"tags":[],"class_list":["post-1337","post","type-post","status-publish","format-standard","has-post-thumbnail","hentry","category-agroturismes-es"],"acf":[],"_links":{"self":[{"href":"https:\/\/www.olidemallorca.es\/es\/wp-json\/wp\/v2\/posts\/1337"}],"collection":[{"href":"https:\/\/www.olidemallorca.es\/es\/wp-json\/wp\/v2\/posts"}],"about":[{"href":"https:\/\/www.olidemallorca.es\/es\/wp-json\/wp\/v2\/types\/post"}],"author":[{"embeddable":true,"href":"https:\/\/www.olidemallorca.es\/es\/wp-json\/wp\/v2\/users\/1"}],"replies":[{"embeddable":true,"href":"https:\/\/www.olidemallorca.es\/es\/wp-json\/wp\/v2\/comments?post=1337"}],"version-history":[{"count":4,"href":"https:\/\/www.olidemallorca.es\/es\/wp-json\/wp\/v2\/posts\/1337\/revisions"}],"predecessor-version":[{"id":2539,"href":"https:\/\/www.olidemallorca.es\/es\/wp-json\/wp\/v2\/posts\/1337\/revisions\/2539"}],"wp:featuredmedia":[{"embeddable":true,"href":"https:\/\/www.olidemallorca.es\/es\/wp-json\/wp\/v2\/media\/287"}],"wp:attachment":[{"href":"https:\/\/www.olidemallorca.es\/es\/wp-json\/wp\/v2\/media?parent=1337"}],"wp:term":[{"taxonomy":"category","embeddable":true,"href":"https:\/\/www.olidemallorca.es\/es\/wp-json\/wp\/v2\/categories?post=1337"},{"taxonomy":"post_tag","embeddable":true,"href":"https:\/\/www.olidemallorca.es\/es\/wp-json\/wp\/v2\/tags?post=1337"}],"curies":[{"name":"wp","href":"https:\/\/api.w.org\/{rel}","templated":true}]}}