{"id":1274,"date":"2014-02-20T13:52:43","date_gmt":"2014-02-20T13:52:43","guid":{"rendered":"http:\/\/www.olidemallorca.es\/es-bon-raco-2\/"},"modified":"2014-08-14T06:54:58","modified_gmt":"2014-08-14T06:54:58","slug":"es-bon-raco","status":"publish","type":"post","link":"https:\/\/www.olidemallorca.es\/es\/es-bon-raco\/","title":{"rendered":"Es Bon Rac\u00f3"},"content":{"rendered":"<p>\u00abEs Bon Rac\u00f3\u00bb es una tienda familiar, inaugurada el a\u00f1o 2004 con el objetivo de crear una cuidada selecci\u00f3n de productos de las Illes Balears, nacionales y de importaci\u00f3n. Trabajamos d\u00eda a d\u00eda buscando productos tradicionales e innovadores, manteniendo la calidad y la satisfacci\u00f3n del cliente.<\/p>\n<p><strong>Datos de contacto<\/strong><br \/>\nC. Ausi\u00e0s March, 22 (Palma)<br \/>\nTel. 971 49 81 72<br \/>\n<a href=\"mailto:esbonraco@telefonica.net\">esbonraco@telefonica.net<\/a><br \/>\n[portfolio_slideshow id=401]<\/p>\n","protected":false},"excerpt":{"rendered":"<p>C. Ausi\u00e0s March, 22 (Palma)<br \/>\nTel\u00e8fon: 971 49 81 72 <\/p>\n","protected":false},"author":1,"featured_media":402,"comment_status":"closed","ping_status":"open","sticky":false,"template":"","format":"standard","meta":{"_acf_changed":false,"footnotes":""},"categories":[19],"tags":[],"class_list":["post-1274","post","type-post","status-publish","format-standard","has-post-thumbnail","hentry","category-sin-categoria-es"],"acf":[],"_links":{"self":[{"href":"https:\/\/www.olidemallorca.es\/es\/wp-json\/wp\/v2\/posts\/1274"}],"collection":[{"href":"https:\/\/www.olidemallorca.es\/es\/wp-json\/wp\/v2\/posts"}],"about":[{"href":"https:\/\/www.olidemallorca.es\/es\/wp-json\/wp\/v2\/types\/post"}],"author":[{"embeddable":true,"href":"https:\/\/www.olidemallorca.es\/es\/wp-json\/wp\/v2\/users\/1"}],"replies":[{"embeddable":true,"href":"https:\/\/www.olidemallorca.es\/es\/wp-json\/wp\/v2\/comments?post=1274"}],"version-history":[{"count":3,"href":"https:\/\/www.olidemallorca.es\/es\/wp-json\/wp\/v2\/posts\/1274\/revisions"}],"predecessor-version":[{"id":2179,"href":"https:\/\/www.olidemallorca.es\/es\/wp-json\/wp\/v2\/posts\/1274\/revisions\/2179"}],"wp:featuredmedia":[{"embeddable":true,"href":"https:\/\/www.olidemallorca.es\/es\/wp-json\/wp\/v2\/media\/402"}],"wp:attachment":[{"href":"https:\/\/www.olidemallorca.es\/es\/wp-json\/wp\/v2\/media?parent=1274"}],"wp:term":[{"taxonomy":"category","embeddable":true,"href":"https:\/\/www.olidemallorca.es\/es\/wp-json\/wp\/v2\/categories?post=1274"},{"taxonomy":"post_tag","embeddable":true,"href":"https:\/\/www.olidemallorca.es\/es\/wp-json\/wp\/v2\/tags?post=1274"}],"curies":[{"name":"wp","href":"https:\/\/api.w.org\/{rel}","templated":true}]}}