{"id":12082,"date":"2025-01-30T23:21:00","date_gmt":"2025-01-30T23:21:00","guid":{"rendered":"https:\/\/www.olidemallorca.es\/?p=12082"},"modified":"2025-02-11T13:30:35","modified_gmt":"2025-02-11T13:30:35","slug":"el-distintivo-do-oli-de-mallorca-se-promociona-en-madrid-fusion-2025","status":"publish","type":"post","link":"https:\/\/www.olidemallorca.es\/es\/el-distintivo-do-oli-de-mallorca-se-promociona-en-madrid-fusion-2025\/","title":{"rendered":"El distintivo DO Oli de Mallorca se promociona en Madrid Fusion 2025"},"content":{"rendered":"\n<p>La Denominaci\u00f3n de Origen Oli de Mallorca fue uno de los productos de calidad que pudo encontrar el visitante de Madrid Fusion 2025 en el espacio con el que el Consell de Mallorca present\u00f3 la riqueza gastron\u00f3mica de la Isla.<\/p>\n\n\n\n<p>La feria que se celebra con motivo del congreso de alta gastronom\u00eda, atrajo del 27 al 29 de febrero a m\u00e1s de 26.000 visitantes y cerca de 2.000 congresistas que tuvieron la oportunidad de conocer el distintivo que diferencia los Aceites de Oliva Virgen Extra elaborados en Mallorca a trav\u00e9s de la cata y los diferentes showcookings y muestras de cocteler\u00eda que se ofrecieron durante las tres jornadas.<\/p>\n\n\n\n<figure class=\"wp-block-image size-large\"><a href=\"https:\/\/www.olidemallorca.es\/wp-content\/uploads\/2025\/02\/Oli-de-Mallorca-Madrid-Fusion-2025-Edgar-Rodriguez-Lluis-Got-scaled.jpg\"><img loading=\"lazy\" decoding=\"async\" width=\"1024\" height=\"742\" src=\"https:\/\/www.olidemallorca.es\/wp-content\/uploads\/2025\/02\/Oli-de-Mallorca-Madrid-Fusion-2025-Edgar-Rodriguez-Lluis-Got-1024x742.jpg\" alt=\"\" class=\"wp-image-12059\" srcset=\"https:\/\/www.olidemallorca.es\/wp-content\/uploads\/2025\/02\/Oli-de-Mallorca-Madrid-Fusion-2025-Edgar-Rodriguez-Lluis-Got-1024x742.jpg 1024w, https:\/\/www.olidemallorca.es\/wp-content\/uploads\/2025\/02\/Oli-de-Mallorca-Madrid-Fusion-2025-Edgar-Rodriguez-Lluis-Got-300x217.jpg 300w, https:\/\/www.olidemallorca.es\/wp-content\/uploads\/2025\/02\/Oli-de-Mallorca-Madrid-Fusion-2025-Edgar-Rodriguez-Lluis-Got-768x556.jpg 768w, https:\/\/www.olidemallorca.es\/wp-content\/uploads\/2025\/02\/Oli-de-Mallorca-Madrid-Fusion-2025-Edgar-Rodriguez-Lluis-Got-1536x1113.jpg 1536w, https:\/\/www.olidemallorca.es\/wp-content\/uploads\/2025\/02\/Oli-de-Mallorca-Madrid-Fusion-2025-Edgar-Rodriguez-Lluis-Got-2048x1484.jpg 2048w\" sizes=\"(max-width: 1024px) 100vw, 1024px\" \/><\/a><\/figure>\n\n\n\n<figure class=\"wp-block-image size-large\"><a href=\"https:\/\/www.olidemallorca.es\/wp-content\/uploads\/2025\/01\/Madrid-Fusion-Oli-de-Mallorca-2025-scaled.jpg\"><img loading=\"lazy\" decoding=\"async\" width=\"1024\" height=\"768\" src=\"https:\/\/www.olidemallorca.es\/wp-content\/uploads\/2025\/01\/Madrid-Fusion-Oli-de-Mallorca-2025-1024x768.jpg\" alt=\"\" class=\"wp-image-12067\" srcset=\"https:\/\/www.olidemallorca.es\/wp-content\/uploads\/2025\/01\/Madrid-Fusion-Oli-de-Mallorca-2025-1024x768.jpg 1024w, https:\/\/www.olidemallorca.es\/wp-content\/uploads\/2025\/01\/Madrid-Fusion-Oli-de-Mallorca-2025-300x225.jpg 300w, https:\/\/www.olidemallorca.es\/wp-content\/uploads\/2025\/01\/Madrid-Fusion-Oli-de-Mallorca-2025-768x576.jpg 768w, https:\/\/www.olidemallorca.es\/wp-content\/uploads\/2025\/01\/Madrid-Fusion-Oli-de-Mallorca-2025-1536x1152.jpg 1536w, https:\/\/www.olidemallorca.es\/wp-content\/uploads\/2025\/01\/Madrid-Fusion-Oli-de-Mallorca-2025-2048x1536.jpg 2048w\" sizes=\"(max-width: 1024px) 100vw, 1024px\" \/><\/a><\/figure>\n\n\n\n<p>As\u00ed, los cocineros con estrella Michelin Jordi Cant\u00f3 y Javier Hoebeeck (Four Seasons Formentor), Irene Mart\u00ednez (Nus), Juan Pinel (L\u2019\u00c0tic), Miquel Serra (chef Privat), Edgar Rodr\u00edguez (Aromata), Llu\u00eds Got (Sa Foradada), Marta Rossell\u00f3 (Sal de Coc\u00f3), Miquel Calent (Can Calent), Ariadna Salvador (Ninum\u00e0), Andr\u00e9s Ben\u00edtez (Bot\u00e0nic) y Cati Pons (Es Fogons de Sa Pla\u00e7a), as\u00ed como los bartenders Laura Pelarda (La Gloria de Sant Jaume), Sonia Pou (Grupo Arlequ\u00edn), \u00c1ngel P\u00e9rez (Brassclub), Biel Ram\u00f3n (Taquero Mucho), Josselyn Antequera y Giusseppe Marchisella (Enjoy Group) van exercir de perfectes ambaixadors de la magn\u00edfica gastronom\u00eda que ofrece Mallorca, de la cual son ingrediente fundamental productos de calidad tambi\u00e9n presentes como la DO Oli de Mallorca, DOP Oliva de Mallorca, DO Binissalem, IGP Sobrassada de Mallorca y la IGP Ametlla de Mallorca.<\/p>\n\n\n\n<p>Con el apoyo de los Fondos FEADER; Conselleria d\u2019Agricultura, Pesca i Medi Natural y Ministerio de Agricultura, Pesca y Alimentaci\u00f3n.<\/p>\n","protected":false},"excerpt":{"rendered":"<p>La Denominaci\u00f3n de Origen Oli de Mallorca fue uno de los productos de calidad que pudo encontrar el visitante de Madrid Fusion 2025 en el espacio con el que el Consell de Mallorca present\u00f3 la riqueza gastron\u00f3mica de la Isla. La feria que se celebra con motivo del congreso de alta gastronom\u00eda, atrajo del 27 [&hellip;]<\/p>\n","protected":false},"author":3,"featured_media":12054,"comment_status":"closed","ping_status":"open","sticky":false,"template":"","format":"standard","meta":{"_acf_changed":false,"footnotes":""},"categories":[45],"tags":[338,1506,571,2997,1047,2079,2412,3547,3545],"class_list":["post-12082","post","type-post","status-publish","format-standard","has-post-thumbnail","hentry","category-noticias","tag-brassclub-es","tag-consell-de-mallorca-es","tag-dop-oliva-de-mallorca","tag-igp-ametlla-de-mallorca-es","tag-madrid-fusion-es","tag-mallorca-es-2","tag-miquel-calent-es-2","tag-miquel-serra-es","tag-sa-clastra-es"],"acf":[],"_links":{"self":[{"href":"https:\/\/www.olidemallorca.es\/es\/wp-json\/wp\/v2\/posts\/12082"}],"collection":[{"href":"https:\/\/www.olidemallorca.es\/es\/wp-json\/wp\/v2\/posts"}],"about":[{"href":"https:\/\/www.olidemallorca.es\/es\/wp-json\/wp\/v2\/types\/post"}],"author":[{"embeddable":true,"href":"https:\/\/www.olidemallorca.es\/es\/wp-json\/wp\/v2\/users\/3"}],"replies":[{"embeddable":true,"href":"https:\/\/www.olidemallorca.es\/es\/wp-json\/wp\/v2\/comments?post=12082"}],"version-history":[{"count":1,"href":"https:\/\/www.olidemallorca.es\/es\/wp-json\/wp\/v2\/posts\/12082\/revisions"}],"predecessor-version":[{"id":12083,"href":"https:\/\/www.olidemallorca.es\/es\/wp-json\/wp\/v2\/posts\/12082\/revisions\/12083"}],"wp:featuredmedia":[{"embeddable":true,"href":"https:\/\/www.olidemallorca.es\/es\/wp-json\/wp\/v2\/media\/12054"}],"wp:attachment":[{"href":"https:\/\/www.olidemallorca.es\/es\/wp-json\/wp\/v2\/media?parent=12082"}],"wp:term":[{"taxonomy":"category","embeddable":true,"href":"https:\/\/www.olidemallorca.es\/es\/wp-json\/wp\/v2\/categories?post=12082"},{"taxonomy":"post_tag","embeddable":true,"href":"https:\/\/www.olidemallorca.es\/es\/wp-json\/wp\/v2\/tags?post=12082"}],"curies":[{"name":"wp","href":"https:\/\/api.w.org\/{rel}","templated":true}]}}