{"id":6870,"date":"2024-05-02T11:47:14","date_gmt":"2024-05-02T11:47:14","guid":{"rendered":"http:\/\/www.olidemallorca.es\/noticies-breus-maig-2\/"},"modified":"2024-05-02T12:44:21","modified_gmt":"2024-05-02T12:44:21","slug":"noticies-breus-maig","status":"publish","type":"post","link":"https:\/\/www.olidemallorca.es\/en\/noticies-breus-maig\/","title":{"rendered":"Not\u00edcies breus"},"content":{"rendered":"<p><a href=\"https:\/\/www.olidemallorca.es\/wp-content\/uploads\/2024\/05\/not\u00edcies.png\"><img loading=\"lazy\" decoding=\"async\" class=\"size-large wp-image-6867 alignnone\" src=\"https:\/\/www.olidemallorca.es\/wp-content\/uploads\/2024\/05\/not\u00edcies-1024x858.png\" alt=\"noticies\" width=\"604\" height=\"506\" srcset=\"https:\/\/www.olidemallorca.es\/wp-content\/uploads\/2024\/05\/not\u00edcies-1024x858.png 1024w, https:\/\/www.olidemallorca.es\/wp-content\/uploads\/2024\/05\/not\u00edcies-300x252.png 300w, https:\/\/www.olidemallorca.es\/wp-content\/uploads\/2024\/05\/not\u00edcies-768x644.png 768w, https:\/\/www.olidemallorca.es\/wp-content\/uploads\/2024\/05\/not\u00edcies.png 1293w\" sizes=\"(max-width: 604px) 100vw, 604px\" \/><\/a><\/p>\n<p>&nbsp;<\/p>\n<p><strong>Continua l&#8217;estudi del <span class=\"hiddenSpellError\">repil<\/span> (ull de perdiu)<\/strong><\/p>\n<p>El <span class=\"hiddenSpellError\">repil<\/span> o ull de perdiu, la malaltia generada per fongs microsc\u00f2pics que causen la defoliaci\u00f3 de les oliveres, \u00e9s probablement el problema m\u00e9s gran dels olivars del Pla, i el que limita m\u00e9s severament la producci\u00f3. La Conselleria d&#8217;Agricultura va contractar l&#8217;any passat un estudi, dirigit pel Dr. Trapero, de C\u00f3rdoba, considerat una autoritat mundial en el tema, que continua desenvolupant-se. Hi ha en curs tractaments experimentals en diverses finques col\u00b7laboradores i l&#8217;esperan\u00e7a de dissenyar el millor sistema per limitar la seva incid\u00e8ncia.<\/p>\n<p><strong>La <span class=\"hiddenGrammarError\">Xilella fastidiosa<\/span> <span class=\"hiddenSpellError\">pauca<\/span> es mant\u00e9 limitada a una petita zona del Pla<\/strong><\/p>\n<p>Com tothom sap, la <span class=\"hiddenSpellError\">Xilella<\/span> \u00e9s una amena\u00e7a per a diversos cultius, present des de fa d\u00e8cades a les Balears i que ha afectat, sobretot, els vells ametlers de sec\u00e0. Fa alguns mesos es va detectar la subesp\u00e8cie m\u00e9s agressiva per a les oliveres. Segons es comunica la Conselleria, no se n&#8217;ha detectat cap extensi\u00f3, est\u00e0 limitada a una petita zona de Sencelles i s&#8217;han eliminat tots els arbres infestats. Cal confiar que l&#8217;acci\u00f3 hagi resultat efectiva, i estar atents a qualsevol sospita (an\u00e0lisi gratu\u00efta al laboratori de la Conselleria) per evitar l&#8217;expansi\u00f3 de la infecci\u00f3.<\/p>\n<p><strong>Oli de Mallorca torna a col\u00b7laborar amb <span class=\"hiddenSpellError\">Uep<\/span>! Com anam? Per promocionar l&#8217;Oli de Mallorca entre els consumidors locals<\/strong><\/p>\n<p>\u00c9s desitjable que la proporci\u00f3 d&#8217;Oli de Mallorca consumit a Mallorca creixi tant com sigui possible. En aquesta \u00e8poca, en qu\u00e8 comen\u00e7am a ser conscients del valor del producte local i la necessitat de consolidar i recuperar la capacitat productiva de l&#8217;illa, res millor que incrementar la pres\u00e8ncia de l&#8217;oli de Mallorca a les taules de les fam\u00edlies mallorquines.<\/p>\n<p>Amb aquest objectiu, iniciarem immediatament una col\u00b7laboraci\u00f3 del Consell Regulador amb el programa <span class=\"hiddenSpellError\">Euep<\/span><span class=\"hiddenGrammarError\">! Com<\/span> anam? Que t\u00e9 una important quota d&#8217;audi\u00e8ncia.<\/p>\n<p><strong>La Universitat, clau per al futur d&#8217;una agricultura viable i productiva<\/strong><\/p>\n<p>Oli de Mallorca ha col\u00b7laborat amb la celebraci\u00f3 de Sant Isidre per part dels alumnes dels estudis d&#8217;enginyeria agroaliment\u00e0ria de la UIB. Aquesta carrera ha recuperat en els darrers anys les xifres de matr\u00edcula (ara s\u00f3n 45 estudiants en el primer curs) i \u00e9s molt important per tal que en el futur immediat es millorin les t\u00e8cniques de producci\u00f3 i la formaci\u00f3 dels professionals. Ens comentaren que aquesta titulaci\u00f3 \u00e9s la que proporciona feina m\u00e9s r\u00e0pidament als que acaben els estudis. Estam considerant com pot col\u00b7laborar el Consell Regulador amb la UIB en temes d&#8217;inter\u00e8s com\u00fa.<\/p>\n<p><strong>Col\u00b7laboraci\u00f3 amb altres <span class=\"hiddenGrammarError\">DOPs<\/span> i <span class=\"hiddenGrammarError\">IGPs<\/span><\/strong><\/p>\n<p>Recentment, hem tengut una reuni\u00f3 amb el <span class=\"hiddenGrammarError\">Conseller<\/span> d&#8217;Agricultura i altres denominacions d&#8217;origen i Indicacions Geogr\u00e0fiques Protegides, per reclamar una agilitzaci\u00f3 dels pagaments i una racionalitzaci\u00f3 dels criteris de les subvencions que ens permeten funcionar. Estam pendents de veure quins seran els resultats. Mantenim converses amb aquestes altres marques de qualitat per refor\u00e7ar-nos m\u00fatuament. En aquest sentit, en les setmanes vinents, es concretar\u00e0 una taula rodona al Club Diari de Mallorca sobre el paper de les marques de qualitat al futur de l&#8217;agricultura insular. Estau atents a la convocat\u00f2ria!<\/p>\n","protected":false},"excerpt":{"rendered":"<p>&nbsp; Continua l&#8217;estudi del repil (ull de perdiu) El repil o ull de perdiu, la malaltia generada per fongs microsc\u00f2pics que causen la defoliaci\u00f3 de les oliveres, \u00e9s probablement el problema m\u00e9s gran dels olivars del Pla, i el que limita m\u00e9s severament la producci\u00f3. La Conselleria d&#8217;Agricultura va contractar l&#8217;any passat un estudi, dirigit [&hellip;]<\/p>\n","protected":false},"author":3,"featured_media":6867,"comment_status":"closed","ping_status":"open","sticky":false,"template":"","format":"standard","meta":{"_acf_changed":false,"footnotes":""},"categories":[3337],"tags":[],"class_list":["post-6870","post","type-post","status-publish","format-standard","has-post-thumbnail","hentry","category-butlleti-en"],"acf":[],"_links":{"self":[{"href":"https:\/\/www.olidemallorca.es\/en\/wp-json\/wp\/v2\/posts\/6870"}],"collection":[{"href":"https:\/\/www.olidemallorca.es\/en\/wp-json\/wp\/v2\/posts"}],"about":[{"href":"https:\/\/www.olidemallorca.es\/en\/wp-json\/wp\/v2\/types\/post"}],"author":[{"embeddable":true,"href":"https:\/\/www.olidemallorca.es\/en\/wp-json\/wp\/v2\/users\/3"}],"replies":[{"embeddable":true,"href":"https:\/\/www.olidemallorca.es\/en\/wp-json\/wp\/v2\/comments?post=6870"}],"version-history":[{"count":2,"href":"https:\/\/www.olidemallorca.es\/en\/wp-json\/wp\/v2\/posts\/6870\/revisions"}],"predecessor-version":[{"id":6880,"href":"https:\/\/www.olidemallorca.es\/en\/wp-json\/wp\/v2\/posts\/6870\/revisions\/6880"}],"wp:featuredmedia":[{"embeddable":true,"href":"https:\/\/www.olidemallorca.es\/en\/wp-json\/wp\/v2\/media\/6867"}],"wp:attachment":[{"href":"https:\/\/www.olidemallorca.es\/en\/wp-json\/wp\/v2\/media?parent=6870"}],"wp:term":[{"taxonomy":"category","embeddable":true,"href":"https:\/\/www.olidemallorca.es\/en\/wp-json\/wp\/v2\/categories?post=6870"},{"taxonomy":"post_tag","embeddable":true,"href":"https:\/\/www.olidemallorca.es\/en\/wp-json\/wp\/v2\/tags?post=6870"}],"curies":[{"name":"wp","href":"https:\/\/api.w.org\/{rel}","templated":true}]}}