{"id":13595,"date":"2026-04-29T11:35:55","date_gmt":"2026-04-29T11:35:55","guid":{"rendered":"https:\/\/www.olidemallorca.es\/?p=13595"},"modified":"2026-04-29T11:35:55","modified_gmt":"2026-04-29T11:35:55","slug":"daniela-reigosa-guanya-oleotapa-2026","status":"publish","type":"post","link":"https:\/\/www.olidemallorca.es\/en\/daniela-reigosa-guanya-oleotapa-2026\/","title":{"rendered":"Daniela Reigosa guanya Oleotapa 2026"},"content":{"rendered":"\n<p>Una Tom\u00e0tiga farcida d\u2019Oli de Mallorca amb el seu gelat de la Daniela Reigosa (Aromata) ha estat considerada com la millor tapa elaborada amb Oli de Mallorca a la final del concurs Oleotapa que s\u2019ha celebrat avui horabaixa a l\u2019Escola d\u2019Hoteleria de les Illes Balears.<\/p>\n\n\n\n<figure class=\"wp-block-gallery has-nested-images columns-default is-cropped wp-block-gallery-1 is-layout-flex wp-block-gallery-is-layout-flex\">\n<figure class=\"wp-block-image size-large\"><a href=\"https:\/\/www.olidemallorca.es\/wp-content\/uploads\/2026\/04\/Daniela-Reigosa-guanyadora-Oleotapa.jpg\"><img loading=\"lazy\" decoding=\"async\" width=\"768\" height=\"1024\" data-id=\"13522\" src=\"https:\/\/www.olidemallorca.es\/wp-content\/uploads\/2026\/04\/Daniela-Reigosa-guanyadora-Oleotapa-768x1024.jpg\" alt=\"\" class=\"wp-image-13522\" srcset=\"https:\/\/www.olidemallorca.es\/wp-content\/uploads\/2026\/04\/Daniela-Reigosa-guanyadora-Oleotapa-768x1024.jpg 768w, https:\/\/www.olidemallorca.es\/wp-content\/uploads\/2026\/04\/Daniela-Reigosa-guanyadora-Oleotapa-225x300.jpg 225w, https:\/\/www.olidemallorca.es\/wp-content\/uploads\/2026\/04\/Daniela-Reigosa-guanyadora-Oleotapa-1152x1536.jpg 1152w, https:\/\/www.olidemallorca.es\/wp-content\/uploads\/2026\/04\/Daniela-Reigosa-guanyadora-Oleotapa.jpg 1200w\" sizes=\"(max-width: 768px) 100vw, 768px\" \/><\/a><\/figure>\n<\/figure>\n\n\n\n<p>Aquesta dotzena edici\u00f3 del certamen ha reunit davant els fogons a quatre finalistes que, igual que en edicions anteriors, han exhibit un gran nivell i creativitat pel que fa a la integraci\u00f3 de l\u2019Oli d\u2019Oliva Verge Extra, d\u2019aqu\u00ed la dificultat del jurat format pel Premi Ciutat de Palma Caty Juan de Corral de Gastronomia i xef executiu del restaurant Qanat, Jos\u00e9 Cort\u00e9s; el president de l\u2019Associaci\u00f3 de Periodistes i Escriptors Gastron\u00f2mics, Jos\u00e9 Maria Natta; el membre de la junta directiva del Mercat de l\u2019Olivar, Christian F\u00e9lix Bustos; els professors de l\u2019EHIB, Jos\u00e9 Maria Calonge i Marcos Mart\u00ednez i el Lucas Catal\u00e0 en representaci\u00f3 del Consell Regulador de la DO Oli de Mallorca.<\/p>\n\n\n\n<figure class=\"wp-block-gallery has-nested-images columns-default is-cropped wp-block-gallery-2 is-layout-flex wp-block-gallery-is-layout-flex\">\n<figure class=\"wp-block-image size-large\"><a href=\"https:\/\/www.olidemallorca.es\/wp-content\/uploads\/2026\/04\/Final-Oleotapa-2026-99.jpg\"><img loading=\"lazy\" decoding=\"async\" width=\"1024\" height=\"683\" data-id=\"13546\" src=\"https:\/\/www.olidemallorca.es\/wp-content\/uploads\/2026\/04\/Final-Oleotapa-2026-99-1024x683.jpg\" alt=\"\" class=\"wp-image-13546\" srcset=\"https:\/\/www.olidemallorca.es\/wp-content\/uploads\/2026\/04\/Final-Oleotapa-2026-99-1024x683.jpg 1024w, https:\/\/www.olidemallorca.es\/wp-content\/uploads\/2026\/04\/Final-Oleotapa-2026-99-300x200.jpg 300w, https:\/\/www.olidemallorca.es\/wp-content\/uploads\/2026\/04\/Final-Oleotapa-2026-99-768x512.jpg 768w, https:\/\/www.olidemallorca.es\/wp-content\/uploads\/2026\/04\/Final-Oleotapa-2026-99-1536x1024.jpg 1536w, https:\/\/www.olidemallorca.es\/wp-content\/uploads\/2026\/04\/Final-Oleotapa-2026-99.jpg 1920w\" sizes=\"(max-width: 1024px) 100vw, 1024px\" \/><\/a><\/figure>\n\n\n\n<figure class=\"wp-block-image size-large\"><a href=\"https:\/\/www.olidemallorca.es\/wp-content\/uploads\/2026\/04\/Final-Oleotapa-2026-7.jpg\"><img loading=\"lazy\" decoding=\"async\" width=\"1024\" height=\"683\" data-id=\"13537\" src=\"https:\/\/www.olidemallorca.es\/wp-content\/uploads\/2026\/04\/Final-Oleotapa-2026-7-1024x683.jpg\" alt=\"\" class=\"wp-image-13537\" srcset=\"https:\/\/www.olidemallorca.es\/wp-content\/uploads\/2026\/04\/Final-Oleotapa-2026-7-1024x683.jpg 1024w, https:\/\/www.olidemallorca.es\/wp-content\/uploads\/2026\/04\/Final-Oleotapa-2026-7-300x200.jpg 300w, https:\/\/www.olidemallorca.es\/wp-content\/uploads\/2026\/04\/Final-Oleotapa-2026-7-768x512.jpg 768w, https:\/\/www.olidemallorca.es\/wp-content\/uploads\/2026\/04\/Final-Oleotapa-2026-7-1536x1024.jpg 1536w, https:\/\/www.olidemallorca.es\/wp-content\/uploads\/2026\/04\/Final-Oleotapa-2026-7.jpg 1920w\" sizes=\"(max-width: 1024px) 100vw, 1024px\" \/><\/a><\/figure>\n\n\n\n<figure class=\"wp-block-image size-large\"><a href=\"https:\/\/www.olidemallorca.es\/wp-content\/uploads\/2026\/04\/Final-Oleotapa-2026-44.jpg\"><img loading=\"lazy\" decoding=\"async\" width=\"1024\" height=\"683\" data-id=\"13548\" src=\"https:\/\/www.olidemallorca.es\/wp-content\/uploads\/2026\/04\/Final-Oleotapa-2026-44-1024x683.jpg\" alt=\"\" class=\"wp-image-13548\" srcset=\"https:\/\/www.olidemallorca.es\/wp-content\/uploads\/2026\/04\/Final-Oleotapa-2026-44-1024x683.jpg 1024w, https:\/\/www.olidemallorca.es\/wp-content\/uploads\/2026\/04\/Final-Oleotapa-2026-44-300x200.jpg 300w, https:\/\/www.olidemallorca.es\/wp-content\/uploads\/2026\/04\/Final-Oleotapa-2026-44-768x512.jpg 768w, https:\/\/www.olidemallorca.es\/wp-content\/uploads\/2026\/04\/Final-Oleotapa-2026-44-1536x1024.jpg 1536w, https:\/\/www.olidemallorca.es\/wp-content\/uploads\/2026\/04\/Final-Oleotapa-2026-44.jpg 1920w\" sizes=\"(max-width: 1024px) 100vw, 1024px\" \/><\/a><\/figure>\n\n\n\n<figure class=\"wp-block-image size-large\"><a href=\"https:\/\/www.olidemallorca.es\/wp-content\/uploads\/2026\/04\/Final-Oleotapa-2026-56.jpg\"><img loading=\"lazy\" decoding=\"async\" width=\"1024\" height=\"683\" data-id=\"13541\" src=\"https:\/\/www.olidemallorca.es\/wp-content\/uploads\/2026\/04\/Final-Oleotapa-2026-56-1024x683.jpg\" alt=\"\" class=\"wp-image-13541\" srcset=\"https:\/\/www.olidemallorca.es\/wp-content\/uploads\/2026\/04\/Final-Oleotapa-2026-56-1024x683.jpg 1024w, https:\/\/www.olidemallorca.es\/wp-content\/uploads\/2026\/04\/Final-Oleotapa-2026-56-300x200.jpg 300w, https:\/\/www.olidemallorca.es\/wp-content\/uploads\/2026\/04\/Final-Oleotapa-2026-56-768x512.jpg 768w, https:\/\/www.olidemallorca.es\/wp-content\/uploads\/2026\/04\/Final-Oleotapa-2026-56-1536x1024.jpg 1536w, https:\/\/www.olidemallorca.es\/wp-content\/uploads\/2026\/04\/Final-Oleotapa-2026-56.jpg 1920w\" sizes=\"(max-width: 1024px) 100vw, 1024px\" \/><\/a><\/figure>\n\n\n\n<figure class=\"wp-block-image size-large\"><a href=\"https:\/\/www.olidemallorca.es\/wp-content\/uploads\/2026\/04\/Final-Oleotapa-2026-62-1.jpg\"><img loading=\"lazy\" decoding=\"async\" width=\"1024\" height=\"683\" data-id=\"13545\" src=\"https:\/\/www.olidemallorca.es\/wp-content\/uploads\/2026\/04\/Final-Oleotapa-2026-62-1-1024x683.jpg\" alt=\"\" class=\"wp-image-13545\" srcset=\"https:\/\/www.olidemallorca.es\/wp-content\/uploads\/2026\/04\/Final-Oleotapa-2026-62-1-1024x683.jpg 1024w, https:\/\/www.olidemallorca.es\/wp-content\/uploads\/2026\/04\/Final-Oleotapa-2026-62-1-300x200.jpg 300w, https:\/\/www.olidemallorca.es\/wp-content\/uploads\/2026\/04\/Final-Oleotapa-2026-62-1-768x512.jpg 768w, https:\/\/www.olidemallorca.es\/wp-content\/uploads\/2026\/04\/Final-Oleotapa-2026-62-1-1536x1024.jpg 1536w, https:\/\/www.olidemallorca.es\/wp-content\/uploads\/2026\/04\/Final-Oleotapa-2026-62-1.jpg 1920w\" sizes=\"(max-width: 1024px) 100vw, 1024px\" \/><\/a><\/figure>\n\n\n\n<figure class=\"wp-block-image size-large\"><a href=\"https:\/\/www.olidemallorca.es\/wp-content\/uploads\/2026\/04\/Final-Oleotapa-2026-63.jpg\"><img loading=\"lazy\" decoding=\"async\" width=\"1024\" height=\"683\" data-id=\"13551\" src=\"https:\/\/www.olidemallorca.es\/wp-content\/uploads\/2026\/04\/Final-Oleotapa-2026-63-1024x683.jpg\" alt=\"\" class=\"wp-image-13551\" srcset=\"https:\/\/www.olidemallorca.es\/wp-content\/uploads\/2026\/04\/Final-Oleotapa-2026-63-1024x683.jpg 1024w, https:\/\/www.olidemallorca.es\/wp-content\/uploads\/2026\/04\/Final-Oleotapa-2026-63-300x200.jpg 300w, https:\/\/www.olidemallorca.es\/wp-content\/uploads\/2026\/04\/Final-Oleotapa-2026-63-768x512.jpg 768w, https:\/\/www.olidemallorca.es\/wp-content\/uploads\/2026\/04\/Final-Oleotapa-2026-63-1536x1024.jpg 1536w, https:\/\/www.olidemallorca.es\/wp-content\/uploads\/2026\/04\/Final-Oleotapa-2026-63.jpg 1920w\" sizes=\"(max-width: 1024px) 100vw, 1024px\" \/><\/a><\/figure>\n\n\n\n<figure class=\"wp-block-image size-large\"><a href=\"https:\/\/www.olidemallorca.es\/wp-content\/uploads\/2026\/04\/Final-Oleotapa-2026-88.jpg\"><img loading=\"lazy\" decoding=\"async\" width=\"1024\" height=\"683\" data-id=\"13547\" src=\"https:\/\/www.olidemallorca.es\/wp-content\/uploads\/2026\/04\/Final-Oleotapa-2026-88-1024x683.jpg\" alt=\"\" class=\"wp-image-13547\" srcset=\"https:\/\/www.olidemallorca.es\/wp-content\/uploads\/2026\/04\/Final-Oleotapa-2026-88-1024x683.jpg 1024w, https:\/\/www.olidemallorca.es\/wp-content\/uploads\/2026\/04\/Final-Oleotapa-2026-88-300x200.jpg 300w, https:\/\/www.olidemallorca.es\/wp-content\/uploads\/2026\/04\/Final-Oleotapa-2026-88-768x512.jpg 768w, https:\/\/www.olidemallorca.es\/wp-content\/uploads\/2026\/04\/Final-Oleotapa-2026-88-1536x1024.jpg 1536w, https:\/\/www.olidemallorca.es\/wp-content\/uploads\/2026\/04\/Final-Oleotapa-2026-88.jpg 1920w\" sizes=\"(max-width: 1024px) 100vw, 1024px\" \/><\/a><\/figure>\n\n\n\n<figure class=\"wp-block-image size-large\"><a href=\"https:\/\/www.olidemallorca.es\/wp-content\/uploads\/2026\/04\/Final-Oleotapa-2026-92.jpg\"><img loading=\"lazy\" decoding=\"async\" width=\"1024\" height=\"662\" data-id=\"13544\" src=\"https:\/\/www.olidemallorca.es\/wp-content\/uploads\/2026\/04\/Final-Oleotapa-2026-92-1024x662.jpg\" alt=\"\" class=\"wp-image-13544\" srcset=\"https:\/\/www.olidemallorca.es\/wp-content\/uploads\/2026\/04\/Final-Oleotapa-2026-92-1024x662.jpg 1024w, https:\/\/www.olidemallorca.es\/wp-content\/uploads\/2026\/04\/Final-Oleotapa-2026-92-300x194.jpg 300w, https:\/\/www.olidemallorca.es\/wp-content\/uploads\/2026\/04\/Final-Oleotapa-2026-92-768x497.jpg 768w, https:\/\/www.olidemallorca.es\/wp-content\/uploads\/2026\/04\/Final-Oleotapa-2026-92-1536x994.jpg 1536w, https:\/\/www.olidemallorca.es\/wp-content\/uploads\/2026\/04\/Final-Oleotapa-2026-92.jpg 1920w\" sizes=\"(max-width: 1024px) 100vw, 1024px\" \/><\/a><\/figure>\n\n\n\n<figure class=\"wp-block-image size-large\"><a href=\"https:\/\/www.olidemallorca.es\/wp-content\/uploads\/2026\/04\/Final-Oleotapa-2026-96-1.jpg\"><img loading=\"lazy\" decoding=\"async\" width=\"1024\" height=\"683\" data-id=\"13569\" src=\"https:\/\/www.olidemallorca.es\/wp-content\/uploads\/2026\/04\/Final-Oleotapa-2026-96-1-1024x683.jpg\" alt=\"\" class=\"wp-image-13569\" srcset=\"https:\/\/www.olidemallorca.es\/wp-content\/uploads\/2026\/04\/Final-Oleotapa-2026-96-1-1024x683.jpg 1024w, https:\/\/www.olidemallorca.es\/wp-content\/uploads\/2026\/04\/Final-Oleotapa-2026-96-1-300x200.jpg 300w, https:\/\/www.olidemallorca.es\/wp-content\/uploads\/2026\/04\/Final-Oleotapa-2026-96-1-768x512.jpg 768w, https:\/\/www.olidemallorca.es\/wp-content\/uploads\/2026\/04\/Final-Oleotapa-2026-96-1-1536x1024.jpg 1536w, https:\/\/www.olidemallorca.es\/wp-content\/uploads\/2026\/04\/Final-Oleotapa-2026-96-1.jpg 1920w\" sizes=\"(max-width: 1024px) 100vw, 1024px\" \/><\/a><\/figure>\n<\/figure>\n\n\n\n<p>De fet, si una cosa ha destacat molt positivament \u00e9s que els cuiners no nom\u00e9s han donat pres\u00e8ncia al suc d\u2019olives a les diverses elaboracions que conformaven les seves propostes, sin\u00f3 que en alguns dels casos incl\u00fas han fet \u00fas de diferents varietats segons el proc\u00e9s per tal d\u2019aportar m\u00e9s complexitat al conjunt del plat.<\/p>\n\n\n\n<p>TAPES PRESENTADES A LA FINAL D&#8217;OLEOTAPA 2026<\/p>\n\n\n\n<ul class=\"wp-block-list\">\n<li>Tom\u00e0tiga farcida d&#8217;Oli de Mallorca i el seu helado \u2013 <strong>Daniela Reigosa<\/strong> (Aromata)<\/li>\n\n\n\n<li>Oliva en metamorfosi \u2013<strong> Pablo Izquierdo<\/strong> (Dos trazos)<\/li>\n\n\n\n<li>Una primavera a Mallorca \u2013 <strong>Bruno Barreira<\/strong> (Pepe Vieira)<\/li>\n\n\n\n<li>Coca de pebres torrats a la nostra manera \u2013 <strong>Sebasti\u00e1n Marincovic <\/strong>(Mares Restaurante)<\/li>\n<\/ul>\n\n\n\n<figure class=\"wp-block-gallery has-nested-images columns-default is-cropped wp-block-gallery-3 is-layout-flex wp-block-gallery-is-layout-flex\">\n<figure class=\"wp-block-image size-large\"><a href=\"https:\/\/www.olidemallorca.es\/wp-content\/uploads\/2026\/04\/Final-Oleotapa-2026-109.jpg\"><img loading=\"lazy\" decoding=\"async\" width=\"784\" height=\"523\" data-id=\"13574\" src=\"https:\/\/www.olidemallorca.es\/wp-content\/uploads\/2026\/04\/Final-Oleotapa-2026-109.jpg\" alt=\"\" class=\"wp-image-13574\" srcset=\"https:\/\/www.olidemallorca.es\/wp-content\/uploads\/2026\/04\/Final-Oleotapa-2026-109.jpg 784w, https:\/\/www.olidemallorca.es\/wp-content\/uploads\/2026\/04\/Final-Oleotapa-2026-109-300x200.jpg 300w, https:\/\/www.olidemallorca.es\/wp-content\/uploads\/2026\/04\/Final-Oleotapa-2026-109-768x512.jpg 768w\" sizes=\"(max-width: 784px) 100vw, 784px\" \/><\/a><\/figure>\n\n\n\n<figure class=\"wp-block-image size-large\"><a href=\"https:\/\/www.olidemallorca.es\/wp-content\/uploads\/2026\/04\/Final-Oleotapa-2026-105.jpg\"><img loading=\"lazy\" decoding=\"async\" width=\"1024\" height=\"683\" data-id=\"13579\" src=\"https:\/\/www.olidemallorca.es\/wp-content\/uploads\/2026\/04\/Final-Oleotapa-2026-105-1024x683.jpg\" alt=\"\" class=\"wp-image-13579\" srcset=\"https:\/\/www.olidemallorca.es\/wp-content\/uploads\/2026\/04\/Final-Oleotapa-2026-105-1024x683.jpg 1024w, https:\/\/www.olidemallorca.es\/wp-content\/uploads\/2026\/04\/Final-Oleotapa-2026-105-300x200.jpg 300w, https:\/\/www.olidemallorca.es\/wp-content\/uploads\/2026\/04\/Final-Oleotapa-2026-105-768x512.jpg 768w, https:\/\/www.olidemallorca.es\/wp-content\/uploads\/2026\/04\/Final-Oleotapa-2026-105-1536x1024.jpg 1536w, https:\/\/www.olidemallorca.es\/wp-content\/uploads\/2026\/04\/Final-Oleotapa-2026-105.jpg 1920w\" sizes=\"(max-width: 1024px) 100vw, 1024px\" \/><\/a><\/figure>\n\n\n\n<figure class=\"wp-block-image size-large\"><a href=\"https:\/\/www.olidemallorca.es\/wp-content\/uploads\/2026\/04\/Final-Oleotapa-2026-106.jpg\"><img loading=\"lazy\" decoding=\"async\" width=\"1024\" height=\"702\" data-id=\"13585\" src=\"https:\/\/www.olidemallorca.es\/wp-content\/uploads\/2026\/04\/Final-Oleotapa-2026-106-1024x702.jpg\" alt=\"\" class=\"wp-image-13585\" srcset=\"https:\/\/www.olidemallorca.es\/wp-content\/uploads\/2026\/04\/Final-Oleotapa-2026-106-1024x702.jpg 1024w, https:\/\/www.olidemallorca.es\/wp-content\/uploads\/2026\/04\/Final-Oleotapa-2026-106-300x206.jpg 300w, https:\/\/www.olidemallorca.es\/wp-content\/uploads\/2026\/04\/Final-Oleotapa-2026-106-768x527.jpg 768w, https:\/\/www.olidemallorca.es\/wp-content\/uploads\/2026\/04\/Final-Oleotapa-2026-106-1536x1054.jpg 1536w, https:\/\/www.olidemallorca.es\/wp-content\/uploads\/2026\/04\/Final-Oleotapa-2026-106.jpg 1920w\" sizes=\"(max-width: 1024px) 100vw, 1024px\" \/><\/a><\/figure>\n\n\n\n<figure class=\"wp-block-image size-large\"><a href=\"https:\/\/www.olidemallorca.es\/wp-content\/uploads\/2026\/04\/Final-Oleotapa-2026-107.jpg\"><img loading=\"lazy\" decoding=\"async\" width=\"1024\" height=\"683\" data-id=\"13582\" src=\"https:\/\/www.olidemallorca.es\/wp-content\/uploads\/2026\/04\/Final-Oleotapa-2026-107-1024x683.jpg\" alt=\"\" class=\"wp-image-13582\" srcset=\"https:\/\/www.olidemallorca.es\/wp-content\/uploads\/2026\/04\/Final-Oleotapa-2026-107-1024x683.jpg 1024w, https:\/\/www.olidemallorca.es\/wp-content\/uploads\/2026\/04\/Final-Oleotapa-2026-107-300x200.jpg 300w, https:\/\/www.olidemallorca.es\/wp-content\/uploads\/2026\/04\/Final-Oleotapa-2026-107-768x512.jpg 768w, https:\/\/www.olidemallorca.es\/wp-content\/uploads\/2026\/04\/Final-Oleotapa-2026-107-1536x1024.jpg 1536w, https:\/\/www.olidemallorca.es\/wp-content\/uploads\/2026\/04\/Final-Oleotapa-2026-107.jpg 1920w\" sizes=\"(max-width: 1024px) 100vw, 1024px\" \/><\/a><\/figure>\n<\/figure>\n\n\n\n<p>No obstant, nom\u00e9s un d\u2019ells podia guanyar el primer premi i ha estat la Tom\u00e0tiga farcida d\u2019Oli de Mallorca amb el seu gelat la que ha obtingut una puntuaci\u00f3 m\u00e9s elevada per part del jurat.<\/p>\n\n\n\n<p>Plat en miniatura per al qual, segons la Daniela Reigosa l\u2019Oli d\u2019Oliva Verge Extra no \u00e9s \u00fanicament un complement o acompanyament, sin\u00f3 el fil conductor que serveix com a guia a trav\u00e9s dels sabors. &nbsp;<\/p>\n\n\n\n<p>El segon classificat d\u2019aquesta edici\u00f3, ha estat el Pablo Izquierdo (Dos Trazos) amb la tapa Oliva en Metamorfosi, seguit del N\u00e9stor Barreira (aviat a l\u2019equip del Pepe Vieira Restaurant) amb Una primavera a Mallorca.<\/p>\n\n\n\n<p>Com a guanyadora, la Daniela -que \u00e9s la primera dona que guanya el premi des de la primera edici\u00f3 del concurs al 2013- ha rebut 250 euros en bons de compra per al Mercat de l\u2019Olivar i un lot Gran Selecci\u00f3 d\u2019Oli de Mallorca, aix\u00ed com un passi de congressista per a l\u2019edici\u00f3 de 2027 de Madrid Fusion bitllets d\u2019avi\u00f3 i allotjament inclosos.<\/p>\n\n\n\n<p>En el cas del segon tercer classificats, a m\u00e9s a m\u00e9s de la selecci\u00f3 d\u2019olis, tamb\u00e9 &nbsp;han rebut com a premi 200 euros i150 euros respectivament en bons de compra al Mercat de l\u2019Olivar.<\/p>\n\n\n\n<p>El concurs organitzat per la DO Oli de Mallorca ha comptat amb la col\u00b7laboraci\u00f3 del Mercat de l\u2019Olivar, l\u2019Escola d\u2019Hoteleria de les Illes Balears i el suport de fons FEADER (Fogaiba, cofinan\u00e7ament de la Uni\u00f3 Europea i Ministerio de Agricultura, Pesca y Alimentaci\u00f3n).<\/p>\n","protected":false},"excerpt":{"rendered":"<p>Una Tom\u00e0tiga farcida d\u2019Oli de Mallorca amb el seu gelat de la Daniela Reigosa (Aromata) ha estat considerada com la millor tapa elaborada amb Oli de Mallorca a la final del concurs Oleotapa que s\u2019ha celebrat avui horabaixa a l\u2019Escola d\u2019Hoteleria de les Illes Balears. Aquesta dotzena edici\u00f3 del certamen ha reunit davant els fogons [&hellip;]<\/p>\n","protected":false},"author":3,"featured_media":13513,"comment_status":"closed","ping_status":"open","sticky":false,"template":"","format":"standard","meta":{"_acf_changed":false,"footnotes":""},"categories":[42],"tags":[4067,4068,4069,4070,4071,1177,4072,4073,89,88,177,4074,4075,3702,4076,875,947,914,4077,1179],"class_list":["post-13595","post","type-post","status-publish","format-standard","has-post-thumbnail","hentry","category-news","tag-2026-en","tag-aromata-en","tag-associacio-de-periodistes-i-escriptors-de-les-illes-balears-en","tag-bruno-barreira-en","tag-christian-felix-bustos-en","tag-concurs-en","tag-daniela-reigosa-en","tag-dos-trazos-en","tag-ehib-en","tag-escola-dhoteleria-de-les-illes-balears-en","tag-jose-cortes-en","tag-jose-maria-calonge-en","tag-josep-maria-natta-en","tag-lucas-catala-en","tag-marcos-martinez-en","tag-mercat-de-lolivar-en","tag-oleotapa-en","tag-oli-doliva-verge-extra-en","tag-pablo-izquierdo-en","tag-tapes-en"],"acf":[],"_links":{"self":[{"href":"https:\/\/www.olidemallorca.es\/en\/wp-json\/wp\/v2\/posts\/13595"}],"collection":[{"href":"https:\/\/www.olidemallorca.es\/en\/wp-json\/wp\/v2\/posts"}],"about":[{"href":"https:\/\/www.olidemallorca.es\/en\/wp-json\/wp\/v2\/types\/post"}],"author":[{"embeddable":true,"href":"https:\/\/www.olidemallorca.es\/en\/wp-json\/wp\/v2\/users\/3"}],"replies":[{"embeddable":true,"href":"https:\/\/www.olidemallorca.es\/en\/wp-json\/wp\/v2\/comments?post=13595"}],"version-history":[{"count":1,"href":"https:\/\/www.olidemallorca.es\/en\/wp-json\/wp\/v2\/posts\/13595\/revisions"}],"predecessor-version":[{"id":13601,"href":"https:\/\/www.olidemallorca.es\/en\/wp-json\/wp\/v2\/posts\/13595\/revisions\/13601"}],"wp:featuredmedia":[{"embeddable":true,"href":"https:\/\/www.olidemallorca.es\/en\/wp-json\/wp\/v2\/media\/13513"}],"wp:attachment":[{"href":"https:\/\/www.olidemallorca.es\/en\/wp-json\/wp\/v2\/media?parent=13595"}],"wp:term":[{"taxonomy":"category","embeddable":true,"href":"https:\/\/www.olidemallorca.es\/en\/wp-json\/wp\/v2\/categories?post=13595"},{"taxonomy":"post_tag","embeddable":true,"href":"https:\/\/www.olidemallorca.es\/en\/wp-json\/wp\/v2\/tags?post=13595"}],"curies":[{"name":"wp","href":"https:\/\/api.w.org\/{rel}","templated":true}]}}