{"id":6423,"date":"2023-07-07T11:35:34","date_gmt":"2023-07-07T11:35:34","guid":{"rendered":"http:\/\/www.olidemallorca.es\/?p=6423"},"modified":"2023-07-07T12:20:07","modified_gmt":"2023-07-07T12:20:07","slug":"memoria-de-promocio-2022","status":"publish","type":"post","link":"https:\/\/www.olidemallorca.es\/de\/memoria-de-promocio-2022\/","title":{"rendered":"Mem\u00f2ria de Promoci\u00f3 2022"},"content":{"rendered":"<div style=\"width: 1920px;\" class=\"wp-video\"><!--[if lt IE 9]><script>document.createElement('video');<\/script><![endif]-->\n<video class=\"wp-video-shortcode\" id=\"video-6423-1\" width=\"1920\" height=\"1080\" poster=\"https:\/\/www.olidemallorca.es\/wp-content\/uploads\/2023\/07\/PROMOCI\u00d3-2022.png\" preload=\"metadata\" controls=\"controls\"><source type=\"video\/mp4\" src=\"https:\/\/www.olidemallorca.es\/wp-content\/uploads\/2023\/07\/PROMOCI\u00d3-OLI-DE-MALLORCA-2022.mp4?_=1\" \/><a href=\"https:\/\/www.olidemallorca.es\/wp-content\/uploads\/2023\/07\/PROMOCI\u00d3-OLI-DE-MALLORCA-2022.mp4\">https:\/\/www.olidemallorca.es\/wp-content\/uploads\/2023\/07\/PROMOCI\u00d3-OLI-DE-MALLORCA-2022.mp4<\/a><\/video><\/div>\n<p>&nbsp;<\/p>\n<p>Podeu consultar totes les accions desenvolupades a l&#8217;any 2022 per la DO Oli de Mallorca al seg\u00fcent document descarregable:<\/p>\n<p><a href=\"https:\/\/www.olidemallorca.es\/wp-content\/uploads\/2023\/07\/01_Mem\u00f2ria-promoci\u00f3-Oli-de-Mallorca-2022.pdf\">Mem\u00f2ria Promoci\u00f3 Oli de Mallorca 2022<\/a><\/p>\n<p>&nbsp;<\/p>\n","protected":false},"excerpt":{"rendered":"<p>&nbsp; Podeu consultar totes les accions desenvolupades a l&#8217;any 2022 per la DO Oli de Mallorca al seg\u00fcent document descarregable: Mem\u00f2ria Promoci\u00f3 Oli de Mallorca 2022 &nbsp;<\/p>\n","protected":false},"author":3,"featured_media":0,"comment_status":"closed","ping_status":"open","sticky":false,"template":"","format":"standard","meta":{"_acf_changed":false,"footnotes":""},"categories":[3339,18],"tags":[],"class_list":["post-6423","post","type-post","status-publish","format-standard","hentry","category-butlleti-de","category-sin-categoria-de"],"acf":[],"_links":{"self":[{"href":"https:\/\/www.olidemallorca.es\/de\/wp-json\/wp\/v2\/posts\/6423"}],"collection":[{"href":"https:\/\/www.olidemallorca.es\/de\/wp-json\/wp\/v2\/posts"}],"about":[{"href":"https:\/\/www.olidemallorca.es\/de\/wp-json\/wp\/v2\/types\/post"}],"author":[{"embeddable":true,"href":"https:\/\/www.olidemallorca.es\/de\/wp-json\/wp\/v2\/users\/3"}],"replies":[{"embeddable":true,"href":"https:\/\/www.olidemallorca.es\/de\/wp-json\/wp\/v2\/comments?post=6423"}],"version-history":[{"count":1,"href":"https:\/\/www.olidemallorca.es\/de\/wp-json\/wp\/v2\/posts\/6423\/revisions"}],"predecessor-version":[{"id":6429,"href":"https:\/\/www.olidemallorca.es\/de\/wp-json\/wp\/v2\/posts\/6423\/revisions\/6429"}],"wp:attachment":[{"href":"https:\/\/www.olidemallorca.es\/de\/wp-json\/wp\/v2\/media?parent=6423"}],"wp:term":[{"taxonomy":"category","embeddable":true,"href":"https:\/\/www.olidemallorca.es\/de\/wp-json\/wp\/v2\/categories?post=6423"},{"taxonomy":"post_tag","embeddable":true,"href":"https:\/\/www.olidemallorca.es\/de\/wp-json\/wp\/v2\/tags?post=6423"}],"curies":[{"name":"wp","href":"https:\/\/api.w.org\/{rel}","templated":true}]}}