{"id":3742,"date":"2016-11-29T11:25:48","date_gmt":"2016-11-29T11:25:48","guid":{"rendered":"http:\/\/www.olidemallorca.es\/dorigen-2\/"},"modified":"2016-11-29T11:25:48","modified_gmt":"2016-11-29T11:25:48","slug":"dorigen","status":"publish","type":"post","link":"https:\/\/www.olidemallorca.es\/de\/dorigen\/","title":{"rendered":"D&#8217;Origen"},"content":{"rendered":"<p>Localitzat a l&#8217;emblem\u00e0tic mercat de l&#8217;Olivar de Palma, D&#8217;Origen ofereix productes gourmet i una \u00e0mplia selecci\u00f3 de vins.<\/p>\n<div>Mercat de l&#8217;Olivar<\/div>\n<div>local 123 i 124<\/div>\n<div>Palma<\/div>\n<div>Tel. 971 728 778<br \/>\n<a href=\"mailto:info@dorigen.es\">info@dorigen.es<\/a><\/div>\n<div><a href=\"http:\/\/www.dorigen.es\">www.dorigen.es<\/a><\/div>\n<p>&nbsp;<\/p>\n<p style=\"text-align: left;\">\u00a0<a href=\"https:\/\/www.olidemallorca.es\/wp-content\/uploads\/2016\/11\/dOrigen.jpg\"><img loading=\"lazy\" decoding=\"async\" class=\"wp-image-3737  alignleft\" src=\"https:\/\/www.olidemallorca.es\/wp-content\/uploads\/2016\/11\/dOrigen.jpg\" width=\"392\" height=\"352\" srcset=\"https:\/\/www.olidemallorca.es\/wp-content\/uploads\/2016\/11\/dOrigen.jpg 801w, https:\/\/www.olidemallorca.es\/wp-content\/uploads\/2016\/11\/dOrigen-300x270.jpg 300w, https:\/\/www.olidemallorca.es\/wp-content\/uploads\/2016\/11\/dOrigen-768x690.jpg 768w\" sizes=\"(max-width: 392px) 100vw, 392px\" \/><\/a><\/p>\n","protected":false},"excerpt":{"rendered":"<p>Av. Alexandre Rossell\u00f3, 12 (Palma)<br \/>\nTel\u00e8fon: 971 77 01 77 <\/p>\n","protected":false},"author":3,"featured_media":3737,"comment_status":"closed","ping_status":"open","sticky":false,"template":"","format":"standard","meta":{"_acf_changed":false,"footnotes":""},"categories":[18],"tags":[853,878,879,107,359,851,855,854,852],"class_list":["post-3742","post","type-post","status-publish","format-standard","has-post-thumbnail","hentry","category-sin-categoria-de","tag-comprar-de","tag-dorigen-de","tag-mercat-de-lolivar-de","tag-oli-de","tag-oli-de-mallorca-de","tag-oliva-de","tag-palma-de","tag-venda-de","tag-verge-extra-de"],"acf":[],"_links":{"self":[{"href":"https:\/\/www.olidemallorca.es\/de\/wp-json\/wp\/v2\/posts\/3742"}],"collection":[{"href":"https:\/\/www.olidemallorca.es\/de\/wp-json\/wp\/v2\/posts"}],"about":[{"href":"https:\/\/www.olidemallorca.es\/de\/wp-json\/wp\/v2\/types\/post"}],"author":[{"embeddable":true,"href":"https:\/\/www.olidemallorca.es\/de\/wp-json\/wp\/v2\/users\/3"}],"replies":[{"embeddable":true,"href":"https:\/\/www.olidemallorca.es\/de\/wp-json\/wp\/v2\/comments?post=3742"}],"version-history":[{"count":0,"href":"https:\/\/www.olidemallorca.es\/de\/wp-json\/wp\/v2\/posts\/3742\/revisions"}],"wp:featuredmedia":[{"embeddable":true,"href":"https:\/\/www.olidemallorca.es\/de\/wp-json\/wp\/v2\/media\/3737"}],"wp:attachment":[{"href":"https:\/\/www.olidemallorca.es\/de\/wp-json\/wp\/v2\/media?parent=3742"}],"wp:term":[{"taxonomy":"category","embeddable":true,"href":"https:\/\/www.olidemallorca.es\/de\/wp-json\/wp\/v2\/categories?post=3742"},{"taxonomy":"post_tag","embeddable":true,"href":"https:\/\/www.olidemallorca.es\/de\/wp-json\/wp\/v2\/tags?post=3742"}],"curies":[{"name":"wp","href":"https:\/\/api.w.org\/{rel}","templated":true}]}}