{"id":2171,"date":"2014-02-20T13:52:43","date_gmt":"2014-02-20T13:52:43","guid":{"rendered":"http:\/\/www.olidemallorca.es\/es-bon-raco-2\/"},"modified":"2014-08-18T12:38:39","modified_gmt":"2014-08-18T12:38:39","slug":"es-bon-raco","status":"publish","type":"post","link":"https:\/\/www.olidemallorca.es\/de\/es-bon-raco\/","title":{"rendered":"Es Bon Rac\u00f3"},"content":{"rendered":"<p>&#8222;Es Bon Rac\u00f3&#8220;\u00a0ist ein Familiengesch\u00e4ft , mit dem Ziel, eine sorgf\u00e4ltige Auswahl der Balearen, Innen-und Import wurde 2004 er\u00f6ffnet. Wir arbeiten jeden Tag auf der Suche nach traditionellen und innovativen Produkten, die Aufrechterhaltung Qualit\u00e4t und Kundenzufriedenheit.<\/p>\n<p><strong>Kontaktdaten<\/strong><br \/>\nc\/ Ausi\u00e0s March, 22 (Palma)<br \/>\nTelefon: \u00a0971 49 81 72<br \/>\n<a href=\"mailto:esbonraco@telefonica.net\">esbonraco@telefonica.net<\/a><br \/>\n[portfolio_slideshow id=401]<\/p>\n","protected":false},"excerpt":{"rendered":"<p>C. Ausi\u00e0s March, 22 (Palma)<br \/>\nTelefon: 971 49 81 72 <\/p>\n","protected":false},"author":1,"featured_media":402,"comment_status":"closed","ping_status":"open","sticky":false,"template":"","format":"standard","meta":{"_acf_changed":false,"footnotes":""},"categories":[],"tags":[],"class_list":["post-2171","post","type-post","status-publish","format-standard","has-post-thumbnail","hentry"],"acf":[],"_links":{"self":[{"href":"https:\/\/www.olidemallorca.es\/de\/wp-json\/wp\/v2\/posts\/2171"}],"collection":[{"href":"https:\/\/www.olidemallorca.es\/de\/wp-json\/wp\/v2\/posts"}],"about":[{"href":"https:\/\/www.olidemallorca.es\/de\/wp-json\/wp\/v2\/types\/post"}],"author":[{"embeddable":true,"href":"https:\/\/www.olidemallorca.es\/de\/wp-json\/wp\/v2\/users\/1"}],"replies":[{"embeddable":true,"href":"https:\/\/www.olidemallorca.es\/de\/wp-json\/wp\/v2\/comments?post=2171"}],"version-history":[{"count":3,"href":"https:\/\/www.olidemallorca.es\/de\/wp-json\/wp\/v2\/posts\/2171\/revisions"}],"predecessor-version":[{"id":2467,"href":"https:\/\/www.olidemallorca.es\/de\/wp-json\/wp\/v2\/posts\/2171\/revisions\/2467"}],"wp:featuredmedia":[{"embeddable":true,"href":"https:\/\/www.olidemallorca.es\/de\/wp-json\/wp\/v2\/media\/402"}],"wp:attachment":[{"href":"https:\/\/www.olidemallorca.es\/de\/wp-json\/wp\/v2\/media?parent=2171"}],"wp:term":[{"taxonomy":"category","embeddable":true,"href":"https:\/\/www.olidemallorca.es\/de\/wp-json\/wp\/v2\/categories?post=2171"},{"taxonomy":"post_tag","embeddable":true,"href":"https:\/\/www.olidemallorca.es\/de\/wp-json\/wp\/v2\/tags?post=2171"}],"curies":[{"name":"wp","href":"https:\/\/api.w.org\/{rel}","templated":true}]}}