{"id":2143,"date":"2014-02-20T13:59:12","date_gmt":"2014-02-20T13:59:12","guid":{"rendered":"http:\/\/www.olidemallorca.es\/isla-catavinos-2\/"},"modified":"2014-08-18T12:30:02","modified_gmt":"2014-08-18T12:30:02","slug":"isla-catavinos","status":"publish","type":"post","link":"https:\/\/www.olidemallorca.es\/de\/isla-catavinos\/","title":{"rendered":"Isla Catavinos"},"content":{"rendered":"<p>Mehr als ein Fachgesch\u00e4ft, &#8222;Catavinos Insel&#8220; ist ein Treffpunkt f\u00fcr alle Weinliebhaber. Seit \u00fcber zehn Jahren haben wir studiert und mit dem besten der spanischen Wein und die besten Regionen in der Welt, insbesondere in Bezug auf Weine und Spirituosen auf den Inseln produziert. Unsere umfangreiche Produktpalette umfasst die Balearen wichtigsten Weinanbaugebiete von Mallorca, Menorca, Ibiza und Formentera. In der gleichen Weise entwickeln wir verschiedene gastronomische K\u00f6che auf der Insel, sowie alle Arten von Kursen an Sensorik und Weinprobe zusammen. Auch decken wir die Hospitality-Industrie in den Inseln, sowohl die Beratung bei der Herstellung von verschiedenen Weinlisten , und die Zusammenarbeit in der Ausbildung von Fachkr\u00e4ften.<\/p>\n<p><strong>Kontaktdaten<\/strong><br \/>\nc\/ Guillem Massot, 45 (Palma)<br \/>\nTelefon: \u00a0971 76 05 85<br \/>\nFax: 971 75 23 71<br \/>\n<a href=\"mailto:islacatavinos@islacatavinos.com\">islacatavinos@islacatavinos.com<\/a><br \/>\n<a href=\"http:\/\/www.islacatavinos.com\" target=\"_blank\">www.islacatavinos.com<\/a><br \/>\n[portfolio_slideshow id=413]<\/p>\n","protected":false},"excerpt":{"rendered":"<p>C. Guillem Massot, 45 (Palma)<br \/>\nTelefon: 971 76 05 85 <\/p>\n","protected":false},"author":1,"featured_media":415,"comment_status":"closed","ping_status":"open","sticky":false,"template":"","format":"standard","meta":{"_acf_changed":false,"footnotes":""},"categories":[18],"tags":[],"class_list":["post-2143","post","type-post","status-publish","format-standard","has-post-thumbnail","hentry","category-sin-categoria-de"],"acf":[],"_links":{"self":[{"href":"https:\/\/www.olidemallorca.es\/de\/wp-json\/wp\/v2\/posts\/2143"}],"collection":[{"href":"https:\/\/www.olidemallorca.es\/de\/wp-json\/wp\/v2\/posts"}],"about":[{"href":"https:\/\/www.olidemallorca.es\/de\/wp-json\/wp\/v2\/types\/post"}],"author":[{"embeddable":true,"href":"https:\/\/www.olidemallorca.es\/de\/wp-json\/wp\/v2\/users\/1"}],"replies":[{"embeddable":true,"href":"https:\/\/www.olidemallorca.es\/de\/wp-json\/wp\/v2\/comments?post=2143"}],"version-history":[{"count":3,"href":"https:\/\/www.olidemallorca.es\/de\/wp-json\/wp\/v2\/posts\/2143\/revisions"}],"predecessor-version":[{"id":2458,"href":"https:\/\/www.olidemallorca.es\/de\/wp-json\/wp\/v2\/posts\/2143\/revisions\/2458"}],"wp:featuredmedia":[{"embeddable":true,"href":"https:\/\/www.olidemallorca.es\/de\/wp-json\/wp\/v2\/media\/415"}],"wp:attachment":[{"href":"https:\/\/www.olidemallorca.es\/de\/wp-json\/wp\/v2\/media?parent=2143"}],"wp:term":[{"taxonomy":"category","embeddable":true,"href":"https:\/\/www.olidemallorca.es\/de\/wp-json\/wp\/v2\/categories?post=2143"},{"taxonomy":"post_tag","embeddable":true,"href":"https:\/\/www.olidemallorca.es\/de\/wp-json\/wp\/v2\/tags?post=2143"}],"curies":[{"name":"wp","href":"https:\/\/api.w.org\/{rel}","templated":true}]}}