{"id":2039,"date":"2014-02-21T08:54:04","date_gmt":"2014-02-21T08:54:04","guid":{"rendered":"http:\/\/www.olidemallorca.es\/sa-botiga-dalcudia-2\/"},"modified":"2014-08-18T10:33:04","modified_gmt":"2014-08-18T10:33:04","slug":"sa-botiga-dalcudia","status":"publish","type":"post","link":"https:\/\/www.olidemallorca.es\/de\/sa-botiga-dalcudia\/","title":{"rendered":"Sa Botiga d&#8217;Alc\u00fadia"},"content":{"rendered":"<p>In unserem Shop finden Sie die besten und authentischsten mallorquinische Produkte: Weine und Lik\u00f6re, Marmeladen und Honig, Nougat und Feigenbrot, Oliven und Oliven\u00f6l, K\u00e4se und Wurst.<\/p>\n<p><strong>Kontaktdaten<\/strong><br \/>\nCam\u00ed de Ronda s\/n (Alc\u00fadia)<br \/>\nTelefon:\u00a0\u00a0971 54 96 32<br \/>\n<a href=\"mailto:ainagroc@telefonica.net\">ainagroc@telefonica.net<\/a><br \/>\n[portfolio_slideshow id=476]<\/p>\n","protected":false},"excerpt":{"rendered":"<p>Cam\u00ed de Ronda s\/n (Alc\u00fadia)<br \/>\nTelefon: 971 54 96 32 <\/p>\n","protected":false},"author":1,"featured_media":478,"comment_status":"closed","ping_status":"open","sticky":false,"template":"","format":"standard","meta":{"_acf_changed":false,"footnotes":""},"categories":[],"tags":[],"class_list":["post-2039","post","type-post","status-publish","format-standard","has-post-thumbnail","hentry"],"acf":[],"_links":{"self":[{"href":"https:\/\/www.olidemallorca.es\/de\/wp-json\/wp\/v2\/posts\/2039"}],"collection":[{"href":"https:\/\/www.olidemallorca.es\/de\/wp-json\/wp\/v2\/posts"}],"about":[{"href":"https:\/\/www.olidemallorca.es\/de\/wp-json\/wp\/v2\/types\/post"}],"author":[{"embeddable":true,"href":"https:\/\/www.olidemallorca.es\/de\/wp-json\/wp\/v2\/users\/1"}],"replies":[{"embeddable":true,"href":"https:\/\/www.olidemallorca.es\/de\/wp-json\/wp\/v2\/comments?post=2039"}],"version-history":[{"count":2,"href":"https:\/\/www.olidemallorca.es\/de\/wp-json\/wp\/v2\/posts\/2039\/revisions"}],"predecessor-version":[{"id":2389,"href":"https:\/\/www.olidemallorca.es\/de\/wp-json\/wp\/v2\/posts\/2039\/revisions\/2389"}],"wp:featuredmedia":[{"embeddable":true,"href":"https:\/\/www.olidemallorca.es\/de\/wp-json\/wp\/v2\/media\/478"}],"wp:attachment":[{"href":"https:\/\/www.olidemallorca.es\/de\/wp-json\/wp\/v2\/media?parent=2039"}],"wp:term":[{"taxonomy":"category","embeddable":true,"href":"https:\/\/www.olidemallorca.es\/de\/wp-json\/wp\/v2\/categories?post=2039"},{"taxonomy":"post_tag","embeddable":true,"href":"https:\/\/www.olidemallorca.es\/de\/wp-json\/wp\/v2\/tags?post=2039"}],"curies":[{"name":"wp","href":"https:\/\/api.w.org\/{rel}","templated":true}]}}