{"id":13630,"date":"2026-04-30T09:46:58","date_gmt":"2026-04-30T09:46:58","guid":{"rendered":"https:\/\/www.olidemallorca.es\/?p=13630"},"modified":"2026-04-30T09:46:58","modified_gmt":"2026-04-30T09:46:58","slug":"vos-esperam-a-la-fira-de-loli-de-mallorca","status":"publish","type":"post","link":"https:\/\/www.olidemallorca.es\/de\/vos-esperam-a-la-fira-de-loli-de-mallorca\/","title":{"rendered":"Vos esperam a la Fira de l&#8217;Oli de Mallorca!"},"content":{"rendered":"\n<p>Despr\u00e9s de la pausa de l&#8217;any passat, el pr\u00f2xim dia 9 de maig la Fira de l&#8217;Oli de Mallorca tornar\u00e0 a instal\u00b7lar-se a Palma amb un nou empla\u00e7ament com a principal novetat.<\/p>\n\n\n\n<p>Aix\u00ed, ser\u00e0 el Passeig del Born l&#8217;empla\u00e7ament on es reuniran els oliers de la DO Oli de Mallorca amb una oliteca ef\u00edmera a la qual ser\u00e0 possible trobar un ampli ventall de refer\u00e8ncies d&#8217;Oli d&#8217;Oliva Verge Extra de qualitat diferenciada.<\/p>\n\n\n\n<figure class=\"wp-block-image size-large\"><a href=\"https:\/\/www.olidemallorca.es\/wp-content\/uploads\/2026\/04\/20220430_103711-scaled.jpg\"><img loading=\"lazy\" decoding=\"async\" width=\"1024\" height=\"576\" src=\"https:\/\/www.olidemallorca.es\/wp-content\/uploads\/2026\/04\/20220430_103711-1024x576.jpg\" alt=\"\" class=\"wp-image-13611\" srcset=\"https:\/\/www.olidemallorca.es\/wp-content\/uploads\/2026\/04\/20220430_103711-1024x576.jpg 1024w, https:\/\/www.olidemallorca.es\/wp-content\/uploads\/2026\/04\/20220430_103711-300x169.jpg 300w, https:\/\/www.olidemallorca.es\/wp-content\/uploads\/2026\/04\/20220430_103711-768x432.jpg 768w, https:\/\/www.olidemallorca.es\/wp-content\/uploads\/2026\/04\/20220430_103711-1536x864.jpg 1536w, https:\/\/www.olidemallorca.es\/wp-content\/uploads\/2026\/04\/20220430_103711-2048x1152.jpg 2048w\" sizes=\"(max-width: 1024px) 100vw, 1024px\" \/><\/a><\/figure>\n\n\n\n<p>Tot i que el producte estrella seran els sucs d&#8217;oliva sota el segell, al mercadet tamb\u00e9 s&#8217;oferiran altres productes, com els elaborats a partir d&#8217;olis d&#8217;oliva de producci\u00f3 local, els vinculats a l&#8217;olivar, tals com serien les olives de taula o la cervesa artesana confeccionada amb fulla d&#8217;olivera, aix\u00ed com altres especialitats com serien les confitures, vins i embotits.<\/p>\n\n\n\n<p>Aix\u00ed mateix, la Fira de l&#8217;Oli de Mallorca comptar\u00e0 tamb\u00e9 amb una llibreria que reunir\u00e0 t\u00edtols de tem\u00e0tica gastron\u00f2mica i relacionada amb el paisatge olier de les editorials Lleonard Muntaner i El Gall.<\/p>\n\n\n\n<figure class=\"wp-block-gallery has-nested-images columns-default is-cropped wp-block-gallery-1 is-layout-flex wp-block-gallery-is-layout-flex\">\n<figure class=\"wp-block-image size-large\"><a href=\"https:\/\/www.olidemallorca.es\/wp-content\/uploads\/2026\/04\/Screenshot_20250115-115510_Gallery.jpg\"><img loading=\"lazy\" decoding=\"async\" width=\"930\" height=\"1024\" data-id=\"13616\" src=\"https:\/\/www.olidemallorca.es\/wp-content\/uploads\/2026\/04\/Screenshot_20250115-115510_Gallery-930x1024.jpg\" alt=\"\" class=\"wp-image-13616\" srcset=\"https:\/\/www.olidemallorca.es\/wp-content\/uploads\/2026\/04\/Screenshot_20250115-115510_Gallery-930x1024.jpg 930w, https:\/\/www.olidemallorca.es\/wp-content\/uploads\/2026\/04\/Screenshot_20250115-115510_Gallery-272x300.jpg 272w, https:\/\/www.olidemallorca.es\/wp-content\/uploads\/2026\/04\/Screenshot_20250115-115510_Gallery-768x846.jpg 768w, https:\/\/www.olidemallorca.es\/wp-content\/uploads\/2026\/04\/Screenshot_20250115-115510_Gallery.jpg 1080w\" sizes=\"(max-width: 930px) 100vw, 930px\" \/><\/a><\/figure>\n\n\n\n<figure class=\"wp-block-image size-large\"><a href=\"https:\/\/www.olidemallorca.es\/wp-content\/uploads\/2026\/04\/Screenshot-2026-04-29-at-15-14-42-Formats-de-joc-Ludoteca-de-Jardi\u00ad.png\"><img loading=\"lazy\" decoding=\"async\" width=\"1024\" height=\"685\" data-id=\"13621\" src=\"https:\/\/www.olidemallorca.es\/wp-content\/uploads\/2026\/04\/Screenshot-2026-04-29-at-15-14-42-Formats-de-joc-Ludoteca-de-Jardi\u00ad-1024x685.png\" alt=\"\" class=\"wp-image-13621\" srcset=\"https:\/\/www.olidemallorca.es\/wp-content\/uploads\/2026\/04\/Screenshot-2026-04-29-at-15-14-42-Formats-de-joc-Ludoteca-de-Jardi\u00ad-1024x685.png 1024w, https:\/\/www.olidemallorca.es\/wp-content\/uploads\/2026\/04\/Screenshot-2026-04-29-at-15-14-42-Formats-de-joc-Ludoteca-de-Jardi\u00ad-300x201.png 300w, https:\/\/www.olidemallorca.es\/wp-content\/uploads\/2026\/04\/Screenshot-2026-04-29-at-15-14-42-Formats-de-joc-Ludoteca-de-Jardi\u00ad-768x514.png 768w, https:\/\/www.olidemallorca.es\/wp-content\/uploads\/2026\/04\/Screenshot-2026-04-29-at-15-14-42-Formats-de-joc-Ludoteca-de-Jardi\u00ad.png 1261w\" sizes=\"(max-width: 1024px) 100vw, 1024px\" \/><\/a><\/figure>\n<\/figure>\n\n\n\n<figure class=\"wp-block-gallery has-nested-images columns-default is-cropped wp-block-gallery-2 is-layout-flex wp-block-gallery-is-layout-flex\"><\/figure>\n\n\n\n<p>La fira disposar\u00e0 d&#8217;un espai de jocs amb Ludoteca de Jard\u00ed per gaudir en fam\u00edlia i una estoneta de m\u00fasica amb els Monkey Doo en format marching band.<\/p>\n\n\n\n<p>FIRA DE L&#8217;OLI DE MALLORCA 2026<\/p>\n\n\n\n<p>Dia: <strong>9 de maig 2026<\/strong><\/p>\n\n\n\n<p>Horari: <strong>10h-15h<\/strong><\/p>\n\n\n\n<p>Lloc: <strong>Passeig del Born <\/strong>(tram entre carrer Constituci\u00f3 i P\u00e7a. de la Reina)<\/p>\n\n\n\n<p>L&#8217;esdeveniment compta amb la col\u00b7laboraci\u00f3 de l&#8217;Ajuntament de Palma i el suport de fons FEADER. <\/p>\n","protected":false},"excerpt":{"rendered":"<p>Despr\u00e9s de la pausa de l&#8217;any passat, el pr\u00f2xim dia 9 de maig la Fira de l&#8217;Oli de Mallorca tornar\u00e0 a instal\u00b7lar-se a Palma amb un nou empla\u00e7ament com a principal novetat. Aix\u00ed, ser\u00e0 el Passeig del Born l&#8217;empla\u00e7ament on es reuniran els oliers de la DO Oli de Mallorca amb una oliteca ef\u00edmera a [&hellip;]<\/p>\n","protected":false},"author":3,"featured_media":13609,"comment_status":"closed","ping_status":"open","sticky":false,"template":"","format":"standard","meta":{"_acf_changed":false,"footnotes":""},"categories":[44],"tags":[2943,1130,3969,4119,2942,4120,3924,925,1301,3083,1231,3985,1224,1221],"class_list":["post-13630","post","type-post","status-publish","format-standard","has-post-thumbnail","hentry","category-newsletter","tag-ajuntament-de-palma-de","tag-aubocassa-de","tag-can-blai-de","tag-el-gall-de","tag-fira-de-loli-de","tag-karretania-de","tag-lleonard-muntaner-editor-de","tag-oli-doliva-verge-extra-de","tag-oli-solivellas-de","tag-oli-son-matge-de","tag-oli-verderol-de","tag-oliuga-de","tag-son-catiu-de","tag-treurer-de"],"acf":[],"_links":{"self":[{"href":"https:\/\/www.olidemallorca.es\/de\/wp-json\/wp\/v2\/posts\/13630"}],"collection":[{"href":"https:\/\/www.olidemallorca.es\/de\/wp-json\/wp\/v2\/posts"}],"about":[{"href":"https:\/\/www.olidemallorca.es\/de\/wp-json\/wp\/v2\/types\/post"}],"author":[{"embeddable":true,"href":"https:\/\/www.olidemallorca.es\/de\/wp-json\/wp\/v2\/users\/3"}],"replies":[{"embeddable":true,"href":"https:\/\/www.olidemallorca.es\/de\/wp-json\/wp\/v2\/comments?post=13630"}],"version-history":[{"count":1,"href":"https:\/\/www.olidemallorca.es\/de\/wp-json\/wp\/v2\/posts\/13630\/revisions"}],"predecessor-version":[{"id":13635,"href":"https:\/\/www.olidemallorca.es\/de\/wp-json\/wp\/v2\/posts\/13630\/revisions\/13635"}],"wp:featuredmedia":[{"embeddable":true,"href":"https:\/\/www.olidemallorca.es\/de\/wp-json\/wp\/v2\/media\/13609"}],"wp:attachment":[{"href":"https:\/\/www.olidemallorca.es\/de\/wp-json\/wp\/v2\/media?parent=13630"}],"wp:term":[{"taxonomy":"category","embeddable":true,"href":"https:\/\/www.olidemallorca.es\/de\/wp-json\/wp\/v2\/categories?post=13630"},{"taxonomy":"post_tag","embeddable":true,"href":"https:\/\/www.olidemallorca.es\/de\/wp-json\/wp\/v2\/tags?post=13630"}],"curies":[{"name":"wp","href":"https:\/\/api.w.org\/{rel}","templated":true}]}}