{"id":13002,"date":"2025-11-24T09:24:00","date_gmt":"2025-11-24T09:24:00","guid":{"rendered":"https:\/\/www.olidemallorca.es\/tomas-graves-es-nomenat-tafoner-major-de-la-do-oli-de-mallorca\/"},"modified":"2025-12-01T11:50:10","modified_gmt":"2025-12-01T11:50:10","slug":"tomas-graves-es-nomenat-tafoner-major-de-la-do-oli-de-mallorca","status":"publish","type":"post","link":"https:\/\/www.olidemallorca.es\/de\/tomas-graves-es-nomenat-tafoner-major-de-la-do-oli-de-mallorca\/","title":{"rendered":"Tom\u00e0s Graves, \u00e9s nomenat Tafoner Major de la DO Oli de Mallorca"},"content":{"rendered":"\n<p>La Denominaci\u00f3 d\u2019Origen Oli de Mallorca ha nomenat Tafoner Major a l\u2019impressor, m\u00fasic i escriptor, Tom\u00e0s Graves en un acte celebrat a La Casa de Robert Graves (Ca n\u2019Alluny) de Dei\u00e0 al qual han assistit elaboradors del distintiu de qualitat aix\u00ed com convidats entre ells, membres de la fam\u00edlia Graves, la consellera insular de Promoci\u00f3 Econ\u00f2mica i Producte Local, Pilar Amate; el director general de Qualitat Agroliment\u00e0ria i Producte Local, Joan Llabr\u00e9s i el director insular de Promoci\u00f3 Econ\u00f2mica, \u00c1lvaro Roca, entre d\u2019altres.<\/p>\n\n\n\n<figure class=\"wp-block-gallery has-nested-images columns-default is-cropped wp-block-gallery-1 is-layout-flex wp-block-gallery-is-layout-flex\">\n<figure class=\"wp-block-image size-large\"><a href=\"https:\/\/www.olidemallorca.es\/wp-content\/uploads\/2025\/12\/Tafoner-Major-2025-3.jpg\"><img loading=\"lazy\" decoding=\"async\" width=\"1024\" height=\"791\" data-id=\"12963\" src=\"https:\/\/www.olidemallorca.es\/wp-content\/uploads\/2025\/12\/Tafoner-Major-2025-3-1024x791.jpg\" alt=\"\" class=\"wp-image-12963\" srcset=\"https:\/\/www.olidemallorca.es\/wp-content\/uploads\/2025\/12\/Tafoner-Major-2025-3-1024x791.jpg 1024w, https:\/\/www.olidemallorca.es\/wp-content\/uploads\/2025\/12\/Tafoner-Major-2025-3-300x232.jpg 300w, https:\/\/www.olidemallorca.es\/wp-content\/uploads\/2025\/12\/Tafoner-Major-2025-3-768x593.jpg 768w, https:\/\/www.olidemallorca.es\/wp-content\/uploads\/2025\/12\/Tafoner-Major-2025-3-1536x1187.jpg 1536w, https:\/\/www.olidemallorca.es\/wp-content\/uploads\/2025\/12\/Tafoner-Major-2025-3-2048x1582.jpg 2048w\" sizes=\"(max-width: 1024px) 100vw, 1024px\" \/><\/a><\/figure>\n\n\n\n<figure class=\"wp-block-image size-large\"><a href=\"https:\/\/www.olidemallorca.es\/wp-content\/uploads\/2025\/12\/Tomas-Graves-Tafoner-Major.jpg\"><img loading=\"lazy\" decoding=\"async\" width=\"1024\" height=\"756\" data-id=\"12964\" src=\"https:\/\/www.olidemallorca.es\/wp-content\/uploads\/2025\/12\/Tomas-Graves-Tafoner-Major-1024x756.jpg\" alt=\"\" class=\"wp-image-12964\" srcset=\"https:\/\/www.olidemallorca.es\/wp-content\/uploads\/2025\/12\/Tomas-Graves-Tafoner-Major-1024x756.jpg 1024w, https:\/\/www.olidemallorca.es\/wp-content\/uploads\/2025\/12\/Tomas-Graves-Tafoner-Major-300x221.jpg 300w, https:\/\/www.olidemallorca.es\/wp-content\/uploads\/2025\/12\/Tomas-Graves-Tafoner-Major-768x567.jpg 768w, https:\/\/www.olidemallorca.es\/wp-content\/uploads\/2025\/12\/Tomas-Graves-Tafoner-Major-1536x1133.jpg 1536w, https:\/\/www.olidemallorca.es\/wp-content\/uploads\/2025\/12\/Tomas-Graves-Tafoner-Major-2048x1511.jpg 2048w\" sizes=\"(max-width: 1024px) 100vw, 1024px\" \/><\/a><\/figure>\n\n\n\n<figure class=\"wp-block-image size-large\"><a href=\"https:\/\/www.olidemallorca.es\/wp-content\/uploads\/2025\/12\/Tafoner-Major-2025-3-1-scaled.jpg\"><img loading=\"lazy\" decoding=\"async\" width=\"1024\" height=\"768\" data-id=\"12989\" src=\"https:\/\/www.olidemallorca.es\/wp-content\/uploads\/2025\/12\/Tafoner-Major-2025-3-1-1024x768.jpg\" alt=\"\" class=\"wp-image-12989\" srcset=\"https:\/\/www.olidemallorca.es\/wp-content\/uploads\/2025\/12\/Tafoner-Major-2025-3-1-1024x768.jpg 1024w, https:\/\/www.olidemallorca.es\/wp-content\/uploads\/2025\/12\/Tafoner-Major-2025-3-1-300x225.jpg 300w, https:\/\/www.olidemallorca.es\/wp-content\/uploads\/2025\/12\/Tafoner-Major-2025-3-1-768x576.jpg 768w, https:\/\/www.olidemallorca.es\/wp-content\/uploads\/2025\/12\/Tafoner-Major-2025-3-1-1536x1152.jpg 1536w, https:\/\/www.olidemallorca.es\/wp-content\/uploads\/2025\/12\/Tafoner-Major-2025-3-1-2048x1536.jpg 2048w\" sizes=\"(max-width: 1024px) 100vw, 1024px\" \/><\/a><\/figure>\n\n\n\n<figure class=\"wp-block-image size-large\"><a href=\"https:\/\/www.olidemallorca.es\/wp-content\/uploads\/2025\/12\/Tafoner-Major-2025-5-scaled.jpg\"><img loading=\"lazy\" decoding=\"async\" width=\"1024\" height=\"768\" data-id=\"12994\" src=\"https:\/\/www.olidemallorca.es\/wp-content\/uploads\/2025\/12\/Tafoner-Major-2025-5-1024x768.jpg\" alt=\"\" class=\"wp-image-12994\" srcset=\"https:\/\/www.olidemallorca.es\/wp-content\/uploads\/2025\/12\/Tafoner-Major-2025-5-1024x768.jpg 1024w, https:\/\/www.olidemallorca.es\/wp-content\/uploads\/2025\/12\/Tafoner-Major-2025-5-300x225.jpg 300w, https:\/\/www.olidemallorca.es\/wp-content\/uploads\/2025\/12\/Tafoner-Major-2025-5-768x576.jpg 768w, https:\/\/www.olidemallorca.es\/wp-content\/uploads\/2025\/12\/Tafoner-Major-2025-5-1536x1152.jpg 1536w, https:\/\/www.olidemallorca.es\/wp-content\/uploads\/2025\/12\/Tafoner-Major-2025-5-2048x1536.jpg 2048w\" sizes=\"(max-width: 1024px) 100vw, 1024px\" \/><\/a><\/figure>\n\n\n\n<figure class=\"wp-block-image size-large\"><a href=\"https:\/\/www.olidemallorca.es\/wp-content\/uploads\/2025\/12\/Tafoner-Major-2025-6-scaled.jpg\"><img loading=\"lazy\" decoding=\"async\" width=\"1024\" height=\"768\" data-id=\"12979\" src=\"https:\/\/www.olidemallorca.es\/wp-content\/uploads\/2025\/12\/Tafoner-Major-2025-6-1024x768.jpg\" alt=\"\" class=\"wp-image-12979\" srcset=\"https:\/\/www.olidemallorca.es\/wp-content\/uploads\/2025\/12\/Tafoner-Major-2025-6-1024x768.jpg 1024w, https:\/\/www.olidemallorca.es\/wp-content\/uploads\/2025\/12\/Tafoner-Major-2025-6-300x225.jpg 300w, https:\/\/www.olidemallorca.es\/wp-content\/uploads\/2025\/12\/Tafoner-Major-2025-6-768x576.jpg 768w, https:\/\/www.olidemallorca.es\/wp-content\/uploads\/2025\/12\/Tafoner-Major-2025-6-1536x1152.jpg 1536w, https:\/\/www.olidemallorca.es\/wp-content\/uploads\/2025\/12\/Tafoner-Major-2025-6-2048x1536.jpg 2048w\" sizes=\"(max-width: 1024px) 100vw, 1024px\" \/><\/a><\/figure>\n\n\n\n<figure class=\"wp-block-image size-large\"><a href=\"https:\/\/www.olidemallorca.es\/wp-content\/uploads\/2025\/12\/Tafoner-Major-2025-7-scaled.jpg\"><img loading=\"lazy\" decoding=\"async\" width=\"1024\" height=\"768\" data-id=\"12984\" src=\"https:\/\/www.olidemallorca.es\/wp-content\/uploads\/2025\/12\/Tafoner-Major-2025-7-1024x768.jpg\" alt=\"\" class=\"wp-image-12984\" srcset=\"https:\/\/www.olidemallorca.es\/wp-content\/uploads\/2025\/12\/Tafoner-Major-2025-7-1024x768.jpg 1024w, https:\/\/www.olidemallorca.es\/wp-content\/uploads\/2025\/12\/Tafoner-Major-2025-7-300x225.jpg 300w, https:\/\/www.olidemallorca.es\/wp-content\/uploads\/2025\/12\/Tafoner-Major-2025-7-768x576.jpg 768w, https:\/\/www.olidemallorca.es\/wp-content\/uploads\/2025\/12\/Tafoner-Major-2025-7-1536x1152.jpg 1536w, https:\/\/www.olidemallorca.es\/wp-content\/uploads\/2025\/12\/Tafoner-Major-2025-7-2048x1536.jpg 2048w\" sizes=\"(max-width: 1024px) 100vw, 1024px\" \/><\/a><\/figure>\n<\/figure>\n\n\n\n<p>Del Tom\u00e0s Graves, el president de la DO Oli de Mallorca, Joan Mayol, va destacar les formes en qu\u00e8 de fa d\u00e8cades ha compartit la seva estima per l\u2019oli d\u2019oliva i tot el que envolta la seva producci\u00f3 tal com va fer tamb\u00e9 el seu pare, l\u2019escriptor Robert Graves.<\/p>\n\n\n\n<p>A tall d\u2019agra\u00efment, el nou Tafoner Major va compartir bons records que el lliguen a l\u2019estimat producte, com el moment de sucar el pa a l\u2019oli acabat de premsar a la tafona de Can Dei\u00e0, tamb\u00e9 les experi\u00e8ncies en temps de collita, algunes d\u2019elles recollides a dos petits curtmetratges enregistrats als anys 70 amb una c\u00e0mera S\u00faper-8 a les quals els assistents el van poder veure, tamb\u00e9 al seu germ\u00e0 Joan i al Robert Graves, en diferents moments del proc\u00e9s de recol\u00b7lecci\u00f3.<\/p>\n\n\n\n<p>Aix\u00ed mateix, Graves tampoc va desaprofitar l\u2019oportunitat de posar el punt de mira sobre les amenaces que sobrevolen les oliveres. Biol\u00f2giques, per\u00f2 tamb\u00e9 a conseq\u00fc\u00e8ncia de l\u2019acci\u00f3 humana amb la urbanitzaci\u00f3 salvatge que ha acabat amb olivars mil\u00b7lenaris a tota la costa mediterr\u00e0nia, sense oblidar que des de l\u2019any 1967 Israel ha destru\u00eft m\u00e9s d\u2019un mili\u00f3 d\u2019 oliveres plantades i conreades per agricultors palestins.<\/p>\n\n\n\n<p>Una vegada rebut el quart\u00e0 (antiga mesura que s\u2019utilitzava per a l\u2019oli) amb el que tradicionalment obsequia el consell regulador al Tafoner Major, el Tom\u00e0s Graves acompanyat per Joan Mayol va procedir a tastar una mostra del primer Oli d\u2019Oliva Verge Extra de Mallorca d\u2019enguany.<\/p>\n\n\n\n<p>De forma gradual la major part de les tafones inscrites a la Denominaci\u00f3 d\u2019Origen Oli de Mallorca finalitzaran les pr\u00f2ximes setmanes les tasques d\u2019elaboraci\u00f3 per aquesta campanya, la qual s\u2019estima tancar\u00e0 amb aproximadament 400.000 litres d\u2019oli qualificat.<\/p>\n","protected":false},"excerpt":{"rendered":"<p>La Denominaci\u00f3 d\u2019Origen Oli de Mallorca ha nomenat Tafoner Major a l\u2019impressor, m\u00fasic i escriptor, Tom\u00e0s Graves en un acte celebrat a La Casa de Robert Graves (Ca n\u2019Alluny) de Dei\u00e0 al qual han assistit elaboradors del distintiu de qualitat aix\u00ed com convidats entre ells, membres de la fam\u00edlia Graves, la consellera insular de Promoci\u00f3 [&hellip;]<\/p>\n","protected":false},"author":3,"featured_media":13009,"comment_status":"closed","ping_status":"open","sticky":false,"template":"","format":"standard","meta":{"_acf_changed":false,"footnotes":""},"categories":[44],"tags":[3942,3716,3943,3944,3945],"class_list":["post-13002","post","type-post","status-publish","format-standard","has-post-thumbnail","hentry","category-newsletter","tag-ca-nalluny-de","tag-joan-llabres-de","tag-la-casa-de-robert-graves-de","tag-tafoner-major-2025-de","tag-tomas-graves-de"],"acf":[],"_links":{"self":[{"href":"https:\/\/www.olidemallorca.es\/de\/wp-json\/wp\/v2\/posts\/13002"}],"collection":[{"href":"https:\/\/www.olidemallorca.es\/de\/wp-json\/wp\/v2\/posts"}],"about":[{"href":"https:\/\/www.olidemallorca.es\/de\/wp-json\/wp\/v2\/types\/post"}],"author":[{"embeddable":true,"href":"https:\/\/www.olidemallorca.es\/de\/wp-json\/wp\/v2\/users\/3"}],"replies":[{"embeddable":true,"href":"https:\/\/www.olidemallorca.es\/de\/wp-json\/wp\/v2\/comments?post=13002"}],"version-history":[{"count":1,"href":"https:\/\/www.olidemallorca.es\/de\/wp-json\/wp\/v2\/posts\/13002\/revisions"}],"predecessor-version":[{"id":13013,"href":"https:\/\/www.olidemallorca.es\/de\/wp-json\/wp\/v2\/posts\/13002\/revisions\/13013"}],"wp:featuredmedia":[{"embeddable":true,"href":"https:\/\/www.olidemallorca.es\/de\/wp-json\/wp\/v2\/media\/13009"}],"wp:attachment":[{"href":"https:\/\/www.olidemallorca.es\/de\/wp-json\/wp\/v2\/media?parent=13002"}],"wp:term":[{"taxonomy":"category","embeddable":true,"href":"https:\/\/www.olidemallorca.es\/de\/wp-json\/wp\/v2\/categories?post=13002"},{"taxonomy":"post_tag","embeddable":true,"href":"https:\/\/www.olidemallorca.es\/de\/wp-json\/wp\/v2\/tags?post=13002"}],"curies":[{"name":"wp","href":"https:\/\/api.w.org\/{rel}","templated":true}]}}