{"id":12547,"date":"2025-06-26T00:59:00","date_gmt":"2025-06-26T00:59:00","guid":{"rendered":"https:\/\/www.olidemallorca.es\/oli-de-mallorca-signa-un-conveni-amb-seo-birdlife-mallorca-preservation-foundation-i-la-conselleria-dagricultura-pesca-i-medi-natural-per-fomentar-la-biodiversitat-als-olivars\/"},"modified":"2025-06-30T08:14:04","modified_gmt":"2025-06-30T08:14:04","slug":"oli-de-mallorca-signa-un-conveni-amb-seo-birdlife-mallorca-preservation-foundation-i-la-conselleria-dagricultura-pesca-i-medi-natural-per-fomentar-la-biodiversitat-als-olivars","status":"publish","type":"post","link":"https:\/\/www.olidemallorca.es\/de\/oli-de-mallorca-signa-un-conveni-amb-seo-birdlife-mallorca-preservation-foundation-i-la-conselleria-dagricultura-pesca-i-medi-natural-per-fomentar-la-biodiversitat-als-olivars\/","title":{"rendered":"Oli de Mallorca signa un conveni amb SEO\/BirdLife, Mallorca Preservation Foundation i la Conselleria d&#8217;Agricultura, Pesca i Medi Natural per fomentar la biodiversitat als olivars"},"content":{"rendered":"\n<p>La Denominaci\u00f3 d\u2019Origen Oli de Mallorca, SEO\/BirdLife&nbsp;i la Mallorca Preservation&nbsp;Foundation s\u2019uneixen per dur a terme el projecte <strong>Vida als olivars<\/strong>&nbsp;amb la finalitat de fomentar de la biodiversitat als olivars inscrits al Consell Regulador mitjan\u00e7ant nius i refugis per aus a les plantacions.<\/p>\n\n\n\n<p>El president de la DO Oli de Mallorca, Joan Mayol, la directora de la Mallorca Preservation&nbsp;Foundation, Ana Riera, la directora executiva de SEO\/BirdLife, Asunci\u00f3n Ruiz i el conseller d\u2019Agricultura, Pesca i Medi Natural del Govern&nbsp;de les Illes Balears, Joan Simonet, han signat avui el protocol en base al qual s\u2019instal\u00b7laran caixes-niu que ajudaran a atreure fauna auxiliar com s\u00f3n aus insect\u00edvores i quir\u00f2pters, especialment a les plantacions d\u2019arbres joves que, a difer\u00e8ncia dels centenaris, no compten amb troncs gruixats ni amb els forats que cerquen aquestes esp\u00e8cies com a refugi.<\/p>\n\n\n\n<p>A m\u00e9s de la millora ambiental i la protecci\u00f3 de les aus que suposa la iniciativa \u2018Vida als olivars\u2019, que ser\u00e0 tamb\u00e9 positiva en l\u2019aspecte agron\u00f2mic pel fet que tant ocells insect\u00edvors com ratapinyades, al ser depredadors d\u2019insectes, ajuden en el control de possibles vectors de plagues, actuant aix\u00ed com a element auxiliar en la prevenci\u00f3 de plagues i malalties, per tant contribueixen al manteniment sostenible de l\u2019olivar.<\/p>\n\n\n\n<p>Per part seva, la Conselleria d\u2019Agricultura, Pesca i Medi Natural ha destacat la import\u00e0ncia de projectes com aquests, que promouen pr\u00e0ctiques agr\u00edcoles sostenibles i, a m\u00e9s, afavoreixen el control biol\u00f2gic de les plagues. La iniciativa \u00e9s un exemple de l&#8217;aposta del sector agroalimentari per la innovaci\u00f3.<\/p>\n","protected":false},"excerpt":{"rendered":"<p>La Denominaci\u00f3 d\u2019Origen Oli de Mallorca, SEO\/BirdLife&nbsp;i la Mallorca Preservation&nbsp;Foundation s\u2019uneixen per dur a terme el projecte Vida als olivars&nbsp;amb la finalitat de fomentar de la biodiversitat als olivars inscrits al Consell Regulador mitjan\u00e7ant nius i refugis per aus a les plantacions. El president de la DO Oli de Mallorca, Joan Mayol, la directora de [&hellip;]<\/p>\n","protected":false},"author":3,"featured_media":12542,"comment_status":"closed","ping_status":"open","sticky":false,"template":"","format":"standard","meta":{"_acf_changed":false,"footnotes":""},"categories":[44],"tags":[3803,2243,3804,3805,3806],"class_list":["post-12547","post","type-post","status-publish","format-standard","has-post-thumbnail","hentry","category-newsletter","tag-biodiversitat-de","tag-conselleria-dagricultura-de","tag-mallorca-preservation-foundation-de","tag-seo-birdlife-de","tag-vida-als-olivars-de"],"acf":[],"_links":{"self":[{"href":"https:\/\/www.olidemallorca.es\/de\/wp-json\/wp\/v2\/posts\/12547"}],"collection":[{"href":"https:\/\/www.olidemallorca.es\/de\/wp-json\/wp\/v2\/posts"}],"about":[{"href":"https:\/\/www.olidemallorca.es\/de\/wp-json\/wp\/v2\/types\/post"}],"author":[{"embeddable":true,"href":"https:\/\/www.olidemallorca.es\/de\/wp-json\/wp\/v2\/users\/3"}],"replies":[{"embeddable":true,"href":"https:\/\/www.olidemallorca.es\/de\/wp-json\/wp\/v2\/comments?post=12547"}],"version-history":[{"count":1,"href":"https:\/\/www.olidemallorca.es\/de\/wp-json\/wp\/v2\/posts\/12547\/revisions"}],"predecessor-version":[{"id":12553,"href":"https:\/\/www.olidemallorca.es\/de\/wp-json\/wp\/v2\/posts\/12547\/revisions\/12553"}],"wp:featuredmedia":[{"embeddable":true,"href":"https:\/\/www.olidemallorca.es\/de\/wp-json\/wp\/v2\/media\/12542"}],"wp:attachment":[{"href":"https:\/\/www.olidemallorca.es\/de\/wp-json\/wp\/v2\/media?parent=12547"}],"wp:term":[{"taxonomy":"category","embeddable":true,"href":"https:\/\/www.olidemallorca.es\/de\/wp-json\/wp\/v2\/categories?post=12547"},{"taxonomy":"post_tag","embeddable":true,"href":"https:\/\/www.olidemallorca.es\/de\/wp-json\/wp\/v2\/tags?post=12547"}],"curies":[{"name":"wp","href":"https:\/\/api.w.org\/{rel}","templated":true}]}}